{"id":168342,"date":"2017-10-05T08:07:04","date_gmt":"2017-10-05T06:07:04","guid":{"rendered":"http:\/\/www.fuldaer-nachrichten.de\/?p=168342"},"modified":"2017-10-05T08:07:04","modified_gmt":"2017-10-05T06:07:04","slug":"30-ausbildungskurs-der-caritas-altenpflegeschule-fulda-feierte-examen-feststunde-mit-dozenten-und-praxis-anleitern-im-bonifatiushaus-21-absolventinnen-und-absolventen-empfingen-von-schul-u","status":"publish","type":"post","link":"https:\/\/www.fuldaernachrichten.de\/?p=168342","title":{"rendered":"30. Ausbildungskurs der Caritas Altenpflegeschule Fulda feierte Examen Feststunde mit Dozenten und Praxis-Anleitern im Bonifatiushaus \u2013 21 Absolventinnen und Absolventen empfingen von Schul- und Caritasverbands-Leitung ihre Zeugnisse"},"content":{"rendered":"<p>Der 30. Ausbildungskurs der Caritas-Altenpflegeschule Fulda ist mit gro\u00dfem Erfolg f\u00fcr alle Kursteilnehmer zu Ende gegangen: 21 Sch\u00fclerinnen und Sch\u00fcler konnten nach Abschluss ihrer Pr\u00fcfungen aus den H\u00e4nden von Schulleiterin Dajana Herbst, Kursleiterin Ellen Schneider sowie \u2013 als Vertretern der Caritasverbands-Spitze \u2013 Di\u00f6zesan-Caritasdirektor Dr. Markus Juch und Vorstandsmitglied Ansgar Erb ihre Examenszeugnisse entgegen nehmen. Drei \u201eSeiteneinsteigerinnen\u201c, die auf Grund vorhandener Vorqualifikationen f\u00fcr eine verk\u00fcrzte Ausbildung sp\u00e4ter in den Kurs kamen, werden ihre Pr\u00fcfung im November ablegen. Aber Schulleiterin Herbst zeigte sich bei ihrer Ansprache \u00fcberzeugt, dass die drei es den Mitsch\u00fclerinnen und Mitsch\u00fclern gleichtun und die Abschlusspr\u00fcfung mit Bravour leisten werden. Dajana Herbst unterstrich, dass im Pflegeberuf eckige und k\u00e4mpferische Menschen gefordert seien, die fest auf ihrem Weg blieben und dabei ihre Werte und Vorstellungen von wertvoller, menschenzugewandter Pflege verteidigten. \u201eIhr seid alle selbst ganz wertvolle Menschen\u201c, rief sie ihren Sch\u00fclerinnen und Sch\u00fclern zu, \u201eund Ihr werdet mit Eurer T\u00e4tigkeit dazu beitragen, die Pflegewelt erneut ein wenig bunter zu machen!\u201c \u00e2\u20ac\u00a8\u00e2\u20ac\u00a8Di\u00f6zesan-Caritasdirektor Dr. Markus Juch sprach f\u00fcr den Caritasverband als dem Tr\u00e4ger der Schule. Er betonte, wie sehr es ihn beeindrucke, mit wie viel Herzblut das Dozenten-Team der Schule, aber auch alle Sch\u00fclerinnen und Sch\u00fcler die Ausbildung angingen. Er hoffe, dass die Absolventen mit diesem Elan auch in ihren Beruf gingen und sich dort wom\u00f6glich weiter entwickelten. Das Arbeitsfeld, so Juch, b\u00f6te derzeit gute Qualifikationschancen, und beispielsweise auch im Caritasverband seien immer wieder gute Fachkr\u00e4fte gefragt, die Einrichtungs- oder Pflegeleitungen zu \u00fcbernehmen bereit seien. \u00e2\u20ac\u00a8\u00e2\u20ac\u00a8Auch Kursleiterin Ellen Schneider sprach zu ihren Sch\u00fclerinnen und Sch\u00fclern und w\u00fcnschte ihnen f\u00fcr die berufliche Zukunft alles Gute. F\u00fcr die Sch\u00fclerschaft selbst dankte Absolventin Jana Hoffmann im Namen des gesamten Kurses f\u00fcr die sch\u00f6ne Schulzeit und die erfahrene gute Begleitung durch die Dozentinnen und Dozenten.  <\/p>\n","protected":false},"excerpt":{"rendered":"<div class=\"tmnf_excerpt\"><p>Der 30. Ausbildungskurs der Caritas-Altenpflegeschule Fulda ist mit gro\u00dfem Erfolg f\u00fcr alle Kursteilnehmer zu Ende gegangen: 21 Sch\u00fclerinnen und Sch\u00fcler konnten nach Abschluss ihrer Pr\u00fcfungen aus den H\u00e4nden von Schulleiterin Dajana Herbst, Kursleiterin Ellen Schneider sowie \u2013 als Vertretern der Caritasverbands-Spitze \u2013 Di\u00f6zesan-Caritasdirektor Dr. Markus Juch und Vorstandsmitglied Ansgar Erb ihre Examenszeugnisse entgegen nehmen. Drei &hellip;<\/p>\n<\/div>","protected":false},"author":1,"featured_media":168346,"comment_status":"closed","ping_status":"closed","sticky":false,"template":"","format":"standard","meta":{"footnotes":""},"categories":[1],"tags":[],"class_list":["post-168342","post","type-post","status-publish","format-standard","has-post-thumbnail","hentry","category-startseite"],"_links":{"self":[{"href":"https:\/\/www.fuldaernachrichten.de\/index.php?rest_route=\/wp\/v2\/posts\/168342","targetHints":{"allow":["GET"]}}],"collection":[{"href":"https:\/\/www.fuldaernachrichten.de\/index.php?rest_route=\/wp\/v2\/posts"}],"about":[{"href":"https:\/\/www.fuldaernachrichten.de\/index.php?rest_route=\/wp\/v2\/types\/post"}],"author":[{"embeddable":true,"href":"https:\/\/www.fuldaernachrichten.de\/index.php?rest_route=\/wp\/v2\/users\/1"}],"replies":[{"embeddable":true,"href":"https:\/\/www.fuldaernachrichten.de\/index.php?rest_route=%2Fwp%2Fv2%2Fcomments&post=168342"}],"version-history":[{"count":1,"href":"https:\/\/www.fuldaernachrichten.de\/index.php?rest_route=\/wp\/v2\/posts\/168342\/revisions"}],"predecessor-version":[{"id":168347,"href":"https:\/\/www.fuldaernachrichten.de\/index.php?rest_route=\/wp\/v2\/posts\/168342\/revisions\/168347"}],"wp:featuredmedia":[{"embeddable":true,"href":"https:\/\/www.fuldaernachrichten.de\/index.php?rest_route=\/wp\/v2\/media\/168346"}],"wp:attachment":[{"href":"https:\/\/www.fuldaernachrichten.de\/index.php?rest_route=%2Fwp%2Fv2%2Fmedia&parent=168342"}],"wp:term":[{"taxonomy":"category","embeddable":true,"href":"https:\/\/www.fuldaernachrichten.de\/index.php?rest_route=%2Fwp%2Fv2%2Fcategories&post=168342"},{"taxonomy":"post_tag","embeddable":true,"href":"https:\/\/www.fuldaernachrichten.de\/index.php?rest_route=%2Fwp%2Fv2%2Ftags&post=168342"}],"curies":[{"name":"wp","href":"https:\/\/api.w.org\/{rel}","templated":true}]}}