{"id":168311,"date":"2017-10-02T09:26:11","date_gmt":"2017-10-02T07:26:11","guid":{"rendered":"http:\/\/www.fuldaer-nachrichten.de\/?p=168311"},"modified":"2017-10-02T09:26:11","modified_gmt":"2017-10-02T07:26:11","slug":"erfolgreiche-familienmanagerin-und-fit-fuer-den-job-neuer-wiedereinstiegskurs-startet-am-23-oktober-2017-im-frauenzentrum-fulda-anmeldung-moeglich","status":"publish","type":"post","link":"https:\/\/www.fuldaernachrichten.de\/?p=168311","title":{"rendered":"Erfolgreiche Familienmanagerin und fit f\u00fcr den Job? Neuer Wiedereinstiegskurs startet am 23. Oktober 2017 im Frauenzentrum Fulda &#8211; Anmeldung m\u00f6glich!"},"content":{"rendered":"<p>Der Wiedereinstieg ins Berufsleben ist nach der Familienzeit f\u00fcr viele Frauen eine gro\u00dfe Herausforderung. Nach Jahren als Familienmanagerin sind die eigenen St\u00e4rken, F\u00e4higkeiten und beruflichen Ziele oft in den Hintergrund getreten.<\/p>\n<p>An 12 Terminen treffen sich die Teilnehmenden, um ihre Lebenssituation positiv in den Blick zu nehmen und ihre St\u00e4rken und F\u00e4higkeiten zu entfalten. Es geht darum realistische Ziele zu setzen, selbstbewusst Entscheidungen zu treffen und anhand der eigenen Kompetenzen Berufsw\u00fcnsche zu konkretisieren. Dabei unterst\u00fctzen sich die Frauen unter Anleitung der Trainerinnen gegenseitig.<\/p>\n<p>Der n\u00e4chste Kurs unter der Leitung von Alexandra K\u00e4smann, Dipl. Individualpsychologische Beraterin Jobcoaching, Counselor, Gewaltfreie Kommunikationstrainerin nach M. B. Rosenberg und Petra Zentgraf, Dipl. Individualpsychologische Beraterin und Encouraging-Trainerin, startet am 23. Oktober 2017 und findet immer montags von 9:00 bis 12:00 Uhr im Frauenzentrum Fulda, Schlossstra\u00dfe 12, 36037 Fulda, statt. Der Kursteilnahmebetrag betr\u00e4gt 120,00 \u00e2\u201a\u00ac.<\/p>\n<p>Weitere Informationen auch zum Kurs gibt es in dem kostenlosen Einzelberatungsangebot am 10. Oktober 2017, nach telefonischer Anmeldung.<\/p>\n<p>Interessiert? Weitere Infos unter www.frauenbuero-fulda.de<br \/>\nBeratungstermine und Kursanmeldung im Frauenb\u00fcro der Stadt Fulda unter Tel. 0661 102-1042<\/p>\n","protected":false},"excerpt":{"rendered":"<div class=\"tmnf_excerpt\"><p>Der Wiedereinstieg ins Berufsleben ist nach der Familienzeit f\u00fcr viele Frauen eine gro\u00dfe Herausforderung. Nach Jahren als Familienmanagerin sind die eigenen St\u00e4rken, F\u00e4higkeiten und beruflichen Ziele oft in den Hintergrund getreten. An 12 Terminen treffen sich die Teilnehmenden, um ihre Lebenssituation positiv in den Blick zu nehmen und ihre St\u00e4rken und F\u00e4higkeiten zu entfalten. Es &hellip;<\/p>\n<\/div>","protected":false},"author":1,"featured_media":168312,"comment_status":"closed","ping_status":"closed","sticky":false,"template":"","format":"standard","meta":{"footnotes":""},"categories":[1],"tags":[],"class_list":["post-168311","post","type-post","status-publish","format-standard","has-post-thumbnail","hentry","category-startseite"],"_links":{"self":[{"href":"https:\/\/www.fuldaernachrichten.de\/index.php?rest_route=\/wp\/v2\/posts\/168311","targetHints":{"allow":["GET"]}}],"collection":[{"href":"https:\/\/www.fuldaernachrichten.de\/index.php?rest_route=\/wp\/v2\/posts"}],"about":[{"href":"https:\/\/www.fuldaernachrichten.de\/index.php?rest_route=\/wp\/v2\/types\/post"}],"author":[{"embeddable":true,"href":"https:\/\/www.fuldaernachrichten.de\/index.php?rest_route=\/wp\/v2\/users\/1"}],"replies":[{"embeddable":true,"href":"https:\/\/www.fuldaernachrichten.de\/index.php?rest_route=%2Fwp%2Fv2%2Fcomments&post=168311"}],"version-history":[{"count":1,"href":"https:\/\/www.fuldaernachrichten.de\/index.php?rest_route=\/wp\/v2\/posts\/168311\/revisions"}],"predecessor-version":[{"id":168313,"href":"https:\/\/www.fuldaernachrichten.de\/index.php?rest_route=\/wp\/v2\/posts\/168311\/revisions\/168313"}],"wp:featuredmedia":[{"embeddable":true,"href":"https:\/\/www.fuldaernachrichten.de\/index.php?rest_route=\/wp\/v2\/media\/168312"}],"wp:attachment":[{"href":"https:\/\/www.fuldaernachrichten.de\/index.php?rest_route=%2Fwp%2Fv2%2Fmedia&parent=168311"}],"wp:term":[{"taxonomy":"category","embeddable":true,"href":"https:\/\/www.fuldaernachrichten.de\/index.php?rest_route=%2Fwp%2Fv2%2Fcategories&post=168311"},{"taxonomy":"post_tag","embeddable":true,"href":"https:\/\/www.fuldaernachrichten.de\/index.php?rest_route=%2Fwp%2Fv2%2Ftags&post=168311"}],"curies":[{"name":"wp","href":"https:\/\/api.w.org\/{rel}","templated":true}]}}