{"id":168302,"date":"2017-10-02T09:26:21","date_gmt":"2017-10-02T07:26:21","guid":{"rendered":"http:\/\/www.fuldaer-nachrichten.de\/?p=168302"},"modified":"2017-10-02T09:26:21","modified_gmt":"2017-10-02T07:26:21","slug":"ag-maedchenarbeit-fulda-praesentiert-am-7-oktober-embrace-du-bist-schoen-im-kino-35","status":"publish","type":"post","link":"https:\/\/www.fuldaernachrichten.de\/?p=168302","title":{"rendered":"AG M\u00e4dchenarbeit Fulda pr\u00e4sentiert am 7. Oktober \u201eEmbrace \u2013 Du bist sch\u00f6n\u201c im Kino 35"},"content":{"rendered":"<p>Heute sehen sich Frauen t\u00e4glich mit \u201eSch\u00f6nheitsidealen\u201c konfrontiert. Der Dokumentarfilm \u201eEmbrace\u201c folgt der Body-Image-Aktivistin \u201eTaryn Brumfitt\u201c auf ihrer Reise rund um die Welt, um herauszufinden, warum so viele Frauen mit ihrem K\u00f6rper unzufrieden sind.<\/p>\n<p>\u201eEmbrace\u201c ist ein mutiger, engagierter Film, der sich f\u00fcr ein positiveres K\u00f6rperbild auf einf\u00fchlsame und gleichzeitig augen\u00f6ffnende Weise einsetzt.<\/p>\n<p>Die AG M\u00e4dchenarbeit m\u00f6chte die Botschaft des Films \u201eLiebe Deinen K\u00f6rper wie er ist, denn er ist der Einzige, den Du hast!\u201c weiter verbreiten und zeigt daher am Samstag, 7. Oktober 2017 um 16:30 Uhr (Einlass 16:00 Uhr) im Kino 35 (Langebr\u00fcckenstra\u00dfe 14, 36037 Fulda) zum Eintrittspreis von 2,00 \u00e2\u201a\u00ac den Dokumentarfilm. (Die AG M\u00e4dchenarbeit Fulda empfiehlt den Film f\u00fcr Personen ab 14 Jahren).<\/p>\n<p>Im Anschluss besteht die M\u00f6glichkeit zum gemeinsamen Austausch bei einem \u00dcberraschungsgetr\u00e4nk.<\/p>\n","protected":false},"excerpt":{"rendered":"<div class=\"tmnf_excerpt\"><p>Heute sehen sich Frauen t\u00e4glich mit \u201eSch\u00f6nheitsidealen\u201c konfrontiert. Der Dokumentarfilm \u201eEmbrace\u201c folgt der Body-Image-Aktivistin \u201eTaryn Brumfitt\u201c auf ihrer Reise rund um die Welt, um herauszufinden, warum so viele Frauen mit ihrem K\u00f6rper unzufrieden sind. \u201eEmbrace\u201c ist ein mutiger, engagierter Film, der sich f\u00fcr ein positiveres K\u00f6rperbild auf einf\u00fchlsame und gleichzeitig augen\u00f6ffnende Weise einsetzt. Die AG &hellip;<\/p>\n<\/div>","protected":false},"author":1,"featured_media":0,"comment_status":"closed","ping_status":"closed","sticky":false,"template":"","format":"standard","meta":{"footnotes":""},"categories":[1],"tags":[],"class_list":["post-168302","post","type-post","status-publish","format-standard","hentry","category-startseite"],"_links":{"self":[{"href":"https:\/\/www.fuldaernachrichten.de\/index.php?rest_route=\/wp\/v2\/posts\/168302","targetHints":{"allow":["GET"]}}],"collection":[{"href":"https:\/\/www.fuldaernachrichten.de\/index.php?rest_route=\/wp\/v2\/posts"}],"about":[{"href":"https:\/\/www.fuldaernachrichten.de\/index.php?rest_route=\/wp\/v2\/types\/post"}],"author":[{"embeddable":true,"href":"https:\/\/www.fuldaernachrichten.de\/index.php?rest_route=\/wp\/v2\/users\/1"}],"replies":[{"embeddable":true,"href":"https:\/\/www.fuldaernachrichten.de\/index.php?rest_route=%2Fwp%2Fv2%2Fcomments&post=168302"}],"version-history":[{"count":1,"href":"https:\/\/www.fuldaernachrichten.de\/index.php?rest_route=\/wp\/v2\/posts\/168302\/revisions"}],"predecessor-version":[{"id":168315,"href":"https:\/\/www.fuldaernachrichten.de\/index.php?rest_route=\/wp\/v2\/posts\/168302\/revisions\/168315"}],"wp:attachment":[{"href":"https:\/\/www.fuldaernachrichten.de\/index.php?rest_route=%2Fwp%2Fv2%2Fmedia&parent=168302"}],"wp:term":[{"taxonomy":"category","embeddable":true,"href":"https:\/\/www.fuldaernachrichten.de\/index.php?rest_route=%2Fwp%2Fv2%2Fcategories&post=168302"},{"taxonomy":"post_tag","embeddable":true,"href":"https:\/\/www.fuldaernachrichten.de\/index.php?rest_route=%2Fwp%2Fv2%2Ftags&post=168302"}],"curies":[{"name":"wp","href":"https:\/\/api.w.org\/{rel}","templated":true}]}}