{"id":168296,"date":"2017-10-02T09:21:48","date_gmt":"2017-10-02T07:21:48","guid":{"rendered":"http:\/\/www.fuldaer-nachrichten.de\/?p=168296"},"modified":"2017-10-02T09:21:49","modified_gmt":"2017-10-02T07:21:49","slug":"archaeologische-tagung-fuer-interessierte","status":"publish","type":"post","link":"https:\/\/www.fuldaernachrichten.de\/?p=168296","title":{"rendered":"Arch\u00e4ologische Tagung f\u00fcr Interessierte"},"content":{"rendered":"<p>Am Sonntag, den 8.10. findet ab 10:00 Uhr eine Tagung zum Thema \u201eArch\u00e4ologie verbindet. Ein Diskurs zwischen Wissenschaft, Beruf und Ehrenamt\u201c statt. Veranstalter sind der Arbeitskreis Arch\u00e4ologische Wissenschaften e. V. und die Stadt- und Kreisarch\u00e4ologie Fulda. Veranstaltungsort ist die Kapelle im Vonderau Museum.<\/p>\n<p>Die Zuh\u00f6rer erwarten ein abwechslungsreiches Vortragsprogramm, das Einblicke in aktuelle Forschungsarbeiten zu Felsbildern der Nordischen Bronzezeit, Unterwasserarch\u00e4ologie, jungsteinzeitlicher H\u00f6hlennutzung sowie zum Ost-West-Konflikt gew\u00e4hrt. Au\u00dferdem wird die Arch\u00e4ologie aus Sicht von ehrenamtlich und hauptberuflich t\u00e4tigen Akteuren beleuchtet, die Ihre jeweiligen Erfahrungen mitteilen. Die Tagung wird durch einen Vortrag des Stadt- und Kreisarch\u00e4ologen Dr. Frank Verse\u00c2\u00a0zu aktuellen arch\u00e4ologischen Forschungen in Osthessen abgeschlossen, der um 19:30 Uhr beginnt. <\/p>\n<p>Alle Interessenten sind herzlich willkommen, der Eintritt ist frei. Wer nicht an der gesamten Tagung teilnehmen kann, kann auch gerne zu einzelnen Vortr\u00e4gen kommen. <\/p>\n","protected":false},"excerpt":{"rendered":"<div class=\"tmnf_excerpt\"><p>Am Sonntag, den 8.10. findet ab 10:00 Uhr eine Tagung zum Thema \u201eArch\u00e4ologie verbindet. Ein Diskurs zwischen Wissenschaft, Beruf und Ehrenamt\u201c statt. Veranstalter sind der Arbeitskreis Arch\u00e4ologische Wissenschaften e. V. und die Stadt- und Kreisarch\u00e4ologie Fulda. Veranstaltungsort ist die Kapelle im Vonderau Museum. Die Zuh\u00f6rer erwarten ein abwechslungsreiches Vortragsprogramm, das Einblicke in aktuelle Forschungsarbeiten zu &hellip;<\/p>\n<\/div>","protected":false},"author":1,"featured_media":0,"comment_status":"closed","ping_status":"closed","sticky":false,"template":"","format":"standard","meta":{"footnotes":""},"categories":[1],"tags":[],"class_list":["post-168296","post","type-post","status-publish","format-standard","hentry","category-startseite"],"_links":{"self":[{"href":"https:\/\/www.fuldaernachrichten.de\/index.php?rest_route=\/wp\/v2\/posts\/168296","targetHints":{"allow":["GET"]}}],"collection":[{"href":"https:\/\/www.fuldaernachrichten.de\/index.php?rest_route=\/wp\/v2\/posts"}],"about":[{"href":"https:\/\/www.fuldaernachrichten.de\/index.php?rest_route=\/wp\/v2\/types\/post"}],"author":[{"embeddable":true,"href":"https:\/\/www.fuldaernachrichten.de\/index.php?rest_route=\/wp\/v2\/users\/1"}],"replies":[{"embeddable":true,"href":"https:\/\/www.fuldaernachrichten.de\/index.php?rest_route=%2Fwp%2Fv2%2Fcomments&post=168296"}],"version-history":[{"count":1,"href":"https:\/\/www.fuldaernachrichten.de\/index.php?rest_route=\/wp\/v2\/posts\/168296\/revisions"}],"predecessor-version":[{"id":168303,"href":"https:\/\/www.fuldaernachrichten.de\/index.php?rest_route=\/wp\/v2\/posts\/168296\/revisions\/168303"}],"wp:attachment":[{"href":"https:\/\/www.fuldaernachrichten.de\/index.php?rest_route=%2Fwp%2Fv2%2Fmedia&parent=168296"}],"wp:term":[{"taxonomy":"category","embeddable":true,"href":"https:\/\/www.fuldaernachrichten.de\/index.php?rest_route=%2Fwp%2Fv2%2Fcategories&post=168296"},{"taxonomy":"post_tag","embeddable":true,"href":"https:\/\/www.fuldaernachrichten.de\/index.php?rest_route=%2Fwp%2Fv2%2Ftags&post=168296"}],"curies":[{"name":"wp","href":"https:\/\/api.w.org\/{rel}","templated":true}]}}