{"id":168295,"date":"2017-10-02T09:21:03","date_gmt":"2017-10-02T07:21:03","guid":{"rendered":"http:\/\/www.fuldaer-nachrichten.de\/?p=168295"},"modified":"2017-10-02T09:21:03","modified_gmt":"2017-10-02T07:21:03","slug":"der-arbeitsmarkt-im-september-2017-im-agenturbezirk","status":"publish","type":"post","link":"https:\/\/www.fuldaernachrichten.de\/?p=168295","title":{"rendered":"Der Arbeitsmarkt im September 2017 im Agenturbezirk"},"content":{"rendered":"<p>Herbstbelebung \/ Hoher Bedarf an Fachkr\u00e4ften<br \/>\nAuf dem Arbeitsmarkt im Bezirk der Agentur f\u00fcr Arbeit Bad Hersfeld-Fulda ist weiterhin eine deutliche Herbstbelebung sp\u00fcrbar. Im September ist die Arbeitslosigkeit um 254 auf 6.210 gesunken; die Arbeitslosenquote liegt nun bei 3,4 Prozent (August: 3,5 Prozent) und ist erneut die niedrigste aller hessischen Agenturbezirke.<br \/>\nVon der saisonalen Belebung profitieren alle Personengruppen: M\u00e4nner, Frauen, j\u00fcngere Arbeitslose unter 25 Jahren, \u00e4ltere Arbeitslose \u00fcber 50 Jahren sowie schwerbehinderte Personen und Personen ohne deutschen Pass. Jedoch verl\u00e4uft die Entwicklung in den Landkreisen Fulda und Hersfeld-Rotenburg unterschiedlich.<\/p>\n<p>Auch im Vergleich zum Vorjahr zeigt sich die Wirtschaft relativ robust: Obwohl die Zahl der arbeitslosen Ausl\u00e4nderinnen und Ausl\u00e4nder innerhalb eines Jahres deutlich angestiegen ist, bewegt sich die Arbeitslosigkeit insgesamt auf dem Niveau des Vorjahres. Insgesamt liegen den Arbeitgeberservices der Arbeitsagentur im Agenturbezirk derzeit 3.705 Stellen zur Besetzung vor. Dies sind 490 mehr (+15,2 Prozent) als im September vergangenen Jahres. Bedarf an Arbeitskr\u00e4ften \u2013 insbesondere an qualifiziertem Personal &#8211; besteht in nahezu allen Bereichen.<\/p>\n<p>\u201eArbeitsagentur und Kreisjobcenter f\u00fchren zahlreiche Qualifizierungs- und Weiterbildungsma\u00dfnahmen durch, von denen auch Menschen mit Fluchthintergrund profitieren\u201c, erkl\u00e4rt Waldemar Dombrowski, Vorsitzender der Gesch\u00e4ftsf\u00fchrung der Arbeitsagentur Bad Hersfeld-Fulda.<\/p>\n<p>Die Entwicklung in den Landkreisen stellt sich wie folgt dar:<\/p>\n<p>Der Arbeitsmarkt im September 2017 im Landkreis Fulda<br \/>\nArbeitslosenquote sinkt auf 2,7 Prozent \/ Starke Herbstbelebung<br \/>\nDie Konjunktur in Osthessen boomt. Im Landkreis Fulda hat eine starke Herbstbelebung die Zahl der Arbeitslosen im September erneut sinken lassen. Zum Ende des Monats sind 3.317 Personen arbeitslos gemeldet und damit 217 weniger als im August. Die Arbeitslosenquote liegt bei 2,7 Prozent (August: 3,0 Prozent) und ist die niedrigste Quote in einem September seit mehr als 30 Jahren.<\/p>\n<p>Von der saisonalen Belebung profitieren alle Personengruppen, insbesondere die j\u00fcngeren Arbeitslosen unter 25 Jahren. \u201eEs ist gelungen, einen Gro\u00dfteil der Ausbildungsabsolventinnen und \u2013absolventen, die nach Abschluss ihrer Lehre arbeitslos geworden waren, wieder z\u00fcgig beruflich zu integrieren\u201c, erkl\u00e4rt Waldemar Dombrowski, Vorsitzender der Gesch\u00e4ftsf\u00fchrung der Agentur f\u00fcr Arbeit Fulda. 445 Personen unter 25 Jahren sind aktuell arbeitslos gemeldet \u2013 10,3 Prozent weniger als im Monat zuvor. Gesunken ist in diesem Zeitraum die Arbeitslosigkeit ebenfalls bei Frauen (-4,6 Prozent) und M\u00e4nnern (-7,9 Prozent), sowie bei \u00e4lteren Arbeitslosen \u00fcber 50 Jahren (-4,1 Prozent).<\/p>\n<p>Auch im Vergleich zum Vorjahr zeigt sich der Arbeitsmarkt im Aufwind: Vor einem Jahr hatte die Arbeitslosenquote bei 3,0 Prozent gelegen. Die Arbeitslosigkeit bei Ausl\u00e4nderinnen und Ausl\u00e4ndern hat sich im gleichen Zeitraum um rund 24 Prozent erh\u00f6ht. Momentan sind 851 Menschen ohne deutschen Pass arbeitslos gemeldet. Arbeitsagentur und Kreisjobcenter f\u00fchren zahlreiche Qualifizierungs- und Weiterbildungsma\u00dfnahmen durch, von denen auch Menschen mit Fluchthintergrund profitieren.<br \/>\nErneut haben sich weniger Personen aus einer Erwerbst\u00e4tigkeit heraus arbeitslos gemeldet als vor einem Jahr. \u201eIn vielen Branchen fehlen qualifizierte Fachkr\u00e4fte, sodass die Unternehmen ein gro\u00dfes Interesse daran haben, ihre Mitarbeiterinnen und Mitarbeiter zu halten\u201c, wei\u00df der Agenturleiter und f\u00fchrt den au\u00dfergew\u00f6hnlich hohen Stellenbestand an. Dem Arbeitgeberservice der Arbeitsagentur liegen derzeit 2.348 Stellen zur Vermittlung vor. Das sind 354 mehr als vor einem Jahr (+17,8 Prozent). Gesucht werden unter anderem Fahrer (Gabelstapler, Berufskraftfahrer, Auslieferungsfahrer) und Personal im kaufm\u00e4nnischen Bereich. Gute Aussichten auf eine Anstellung haben auch Helfer (Holz, Metall, K\u00fcche, Lager, Reinigung). Daneben stehen stellen in den verschiedensten Handwerksberufen zur Verf\u00fcgung.<\/p>\n<p>Der Arbeitsmarkt im September 2017 im Landkreis Hersfeld-Rotenburg<br \/>\nLeichte Herbstbelebung \/ Hoher Bedarf an Fachkr\u00e4ften<br \/>\nDie Arbeitsmarktlage im Landkreis Hersfeld-Rotenburg ist von einer leichten Herbstbelebung gekennzeichnet. Zum Ende des Monats sind 2.893 Personen arbeitslos gemeldet \u2013 37 weniger als im August (-1,3 Prozent). Die Arbeitslosenquote betr\u00e4gt 4,5 Prozent (August: 4,6 Prozent) und liegt weiterhin unter dem Hessenwert von 4,8 Prozent.<\/p>\n<p>Im Vergleich zum Vorjahr ist ein relativ starker Anstieg der Arbeitslosigkeit um 8,2 Prozent zu verzeichnen. \u201eDiese Entwicklung ist darauf zur\u00fcckzuf\u00fchren, dass Menschen mit Fluchthintergrund zunehmend auf dem Arbeitsmarkt ankommen\u201c, erkl\u00e4rt Waldemar Dombrowski, Vorsitzender der Gesch\u00e4ftsf\u00fchrung der Agentur f\u00fcr Arbeit Bad Hersfeld-Fulda. Insgesamt sind derzeit 889 Ausl\u00e4nderinnen und Ausl\u00e4nder arbeitslos. In der Folge stieg auch die Zahl der j\u00fcngeren Arbeitslosen unter 25 Jahren binnen Jahresfrist an. Aktuell sind 354 Personen unter 25 Jahren arbeitslos gemeldet. Von August auf September dagegen ist die Zahl der j\u00fcngeren Arbeitslosen um 34 bzw. 8,3 Prozent zur\u00fcckgegangen, weil viele Ausbildungsabsolventen, die nach Abschluss der Lehre nicht \u00fcbernommen wurden, wieder z\u00fcgig integriert werden konnten.<\/p>\n<p>Insgesamt zeigt sich der Arbeitsmarkt stabil. So haben sich im September weniger Menschen aus einer Erwerbst\u00e4tigkeit arbeitslos gemeldet als im Jahr zuvor.<br \/>\nIn nahezu allen Branchen und Bereichen besteht ein enormer Bedarf an Personal.<br \/>\nDem Arbeitgeberservice liegen derzeit 1.357 Stellen zur Vermittlung vor. Dies sind rund 11 Prozent mehr als vor einem Jahr. Gesucht werden Fachkr\u00e4fte im Handwerk und in der Industrie. Auch im Helferbereich bietet der Markt verst\u00e4rkt M\u00f6glichkeiten, da hier im Lager\/Logistikbereich sowie in der Zeitarbeit Personal zur Unterst\u00fctzung im Weihnachtsgesch\u00e4ft gesucht wird.<\/p>\n","protected":false},"excerpt":{"rendered":"<div class=\"tmnf_excerpt\"><p>Herbstbelebung \/ Hoher Bedarf an Fachkr\u00e4ften Auf dem Arbeitsmarkt im Bezirk der Agentur f\u00fcr Arbeit Bad Hersfeld-Fulda ist weiterhin eine deutliche Herbstbelebung sp\u00fcrbar. Im September ist die Arbeitslosigkeit um 254 auf 6.210 gesunken; die Arbeitslosenquote liegt nun bei 3,4 Prozent (August: 3,5 Prozent) und ist erneut die niedrigste aller hessischen Agenturbezirke. Von der saisonalen Belebung &hellip;<\/p>\n<\/div>","protected":false},"author":1,"featured_media":0,"comment_status":"closed","ping_status":"closed","sticky":false,"template":"","format":"standard","meta":{"footnotes":""},"categories":[1],"tags":[],"class_list":["post-168295","post","type-post","status-publish","format-standard","hentry","category-startseite"],"_links":{"self":[{"href":"https:\/\/www.fuldaernachrichten.de\/index.php?rest_route=\/wp\/v2\/posts\/168295","targetHints":{"allow":["GET"]}}],"collection":[{"href":"https:\/\/www.fuldaernachrichten.de\/index.php?rest_route=\/wp\/v2\/posts"}],"about":[{"href":"https:\/\/www.fuldaernachrichten.de\/index.php?rest_route=\/wp\/v2\/types\/post"}],"author":[{"embeddable":true,"href":"https:\/\/www.fuldaernachrichten.de\/index.php?rest_route=\/wp\/v2\/users\/1"}],"replies":[{"embeddable":true,"href":"https:\/\/www.fuldaernachrichten.de\/index.php?rest_route=%2Fwp%2Fv2%2Fcomments&post=168295"}],"version-history":[{"count":1,"href":"https:\/\/www.fuldaernachrichten.de\/index.php?rest_route=\/wp\/v2\/posts\/168295\/revisions"}],"predecessor-version":[{"id":168299,"href":"https:\/\/www.fuldaernachrichten.de\/index.php?rest_route=\/wp\/v2\/posts\/168295\/revisions\/168299"}],"wp:attachment":[{"href":"https:\/\/www.fuldaernachrichten.de\/index.php?rest_route=%2Fwp%2Fv2%2Fmedia&parent=168295"}],"wp:term":[{"taxonomy":"category","embeddable":true,"href":"https:\/\/www.fuldaernachrichten.de\/index.php?rest_route=%2Fwp%2Fv2%2Fcategories&post=168295"},{"taxonomy":"post_tag","embeddable":true,"href":"https:\/\/www.fuldaernachrichten.de\/index.php?rest_route=%2Fwp%2Fv2%2Ftags&post=168295"}],"curies":[{"name":"wp","href":"https:\/\/api.w.org\/{rel}","templated":true}]}}