{"id":168259,"date":"2017-09-29T07:44:52","date_gmt":"2017-09-29T05:44:52","guid":{"rendered":"http:\/\/www.fuldaer-nachrichten.de\/?p=168259"},"modified":"2017-09-29T07:44:52","modified_gmt":"2017-09-29T05:44:52","slug":"1-hausmesse-bei-moebel-buhl-mit-ueber-30-partner-aus-der-region%e2%80%a8","status":"publish","type":"post","link":"https:\/\/www.fuldaernachrichten.de\/?p=168259","title":{"rendered":"1. Hausmesse bei M\u00f6bel Buhl mit \u00fcber 30 Partner aus der Region\u00e2\u20ac\u00a8"},"content":{"rendered":"<p>Am 29. und 30. September sowie am 2. Oktober veranstaltet das M\u00f6belhaus Buhl eine Messe rund ums Wohnen und Leben. Dabei setzt das Traditionshaus auf  Themenvielfalt und \u00fcber 30 bew\u00e4hrte Partner aus der Region. <\/p>\n<p>Die Aussteller verteilen sich auf den Lokschuppen, den Trendstore und den Vorplatz des M\u00f6belhauses. Alle, die bauen oder renovieren, die sich f\u00fcr sch\u00f6nes Wohnen begeistern k\u00f6nnen und Fragen, beispielsweise zu Baustoffen, Elektronik, Gestaltung, Vernetzung, Sicherheit oder zur Verbesserung des Wohngef\u00fchls haben, k\u00f6nnen sich informieren und inspirieren lassen. <\/p>\n<p>Am Freitag und Samstag werden ab 10 Uhr Werksberatungen durch Kundenberater der Unternehmen Schlaraffia, W. Schillig und Megapol sowie der Marke Stressless angeboten. Am Samstag finden im K\u00fcchenstudio zwischen 11 und 17 Uhr Kochvorf\u00fchrungen mit AEG K\u00fcchenger\u00e4ten statt. Leckere Spezialit\u00e4ten in den Restaurants des M\u00f6belhauses sowie attraktive Messepreise runden das Informationsangebot ab. <\/p>\n<p>Es stellen aus: Rensch Haus, Juchheim-B\u00f6rner, Fliesen Eckstein, Schreinerei Bormann, Farben Felber, Kreativ Ofenbauer Max R\u00fcdiger Hilsmann, Biels Bodenbel\u00e4ge, KS Reinigungssysteme, \u201eIhre gute Fee\u201c, die Firma EFM, Leinweber Baustoffe, Allianz-Versicherungen Thomas Lindemann, N\u00e4hmaschinen-Center-Osthessen Otto Diel, Rh\u00f6nbilder Werner D\u00f6ppner, Lebensmittelspezialist Fehrmann, Fuldaer Zeitung, KSE Photovoltaik-Experten, Peter K\u00fcmmel Garten- und Landschaftsbau, Mercedes Benz Kunzmann, Fotodesign Walter M. Rammler, Reinholz Kaffeer\u00f6sterei, Rh\u00f6nsprudel, Wese Umz\u00fcge und Lagerung, WEMAG Werkzeuge und Arbeitsschutz und mehr.<\/p>\n","protected":false},"excerpt":{"rendered":"<div class=\"tmnf_excerpt\"><p>Am 29. und 30. September sowie am 2. Oktober veranstaltet das M\u00f6belhaus Buhl eine Messe rund ums Wohnen und Leben. Dabei setzt das Traditionshaus auf Themenvielfalt und \u00fcber 30 bew\u00e4hrte Partner aus der Region. Die Aussteller verteilen sich auf den Lokschuppen, den Trendstore und den Vorplatz des M\u00f6belhauses. Alle, die bauen oder renovieren, die sich &hellip;<\/p>\n<\/div>","protected":false},"author":1,"featured_media":168263,"comment_status":"closed","ping_status":"closed","sticky":false,"template":"","format":"gallery","meta":{"footnotes":""},"categories":[1],"tags":[],"class_list":["post-168259","post","type-post","status-publish","format-gallery","has-post-thumbnail","hentry","category-startseite","post_format-post-format-gallery"],"_links":{"self":[{"href":"https:\/\/www.fuldaernachrichten.de\/index.php?rest_route=\/wp\/v2\/posts\/168259","targetHints":{"allow":["GET"]}}],"collection":[{"href":"https:\/\/www.fuldaernachrichten.de\/index.php?rest_route=\/wp\/v2\/posts"}],"about":[{"href":"https:\/\/www.fuldaernachrichten.de\/index.php?rest_route=\/wp\/v2\/types\/post"}],"author":[{"embeddable":true,"href":"https:\/\/www.fuldaernachrichten.de\/index.php?rest_route=\/wp\/v2\/users\/1"}],"replies":[{"embeddable":true,"href":"https:\/\/www.fuldaernachrichten.de\/index.php?rest_route=%2Fwp%2Fv2%2Fcomments&post=168259"}],"version-history":[{"count":1,"href":"https:\/\/www.fuldaernachrichten.de\/index.php?rest_route=\/wp\/v2\/posts\/168259\/revisions"}],"predecessor-version":[{"id":168267,"href":"https:\/\/www.fuldaernachrichten.de\/index.php?rest_route=\/wp\/v2\/posts\/168259\/revisions\/168267"}],"wp:featuredmedia":[{"embeddable":true,"href":"https:\/\/www.fuldaernachrichten.de\/index.php?rest_route=\/wp\/v2\/media\/168263"}],"wp:attachment":[{"href":"https:\/\/www.fuldaernachrichten.de\/index.php?rest_route=%2Fwp%2Fv2%2Fmedia&parent=168259"}],"wp:term":[{"taxonomy":"category","embeddable":true,"href":"https:\/\/www.fuldaernachrichten.de\/index.php?rest_route=%2Fwp%2Fv2%2Fcategories&post=168259"},{"taxonomy":"post_tag","embeddable":true,"href":"https:\/\/www.fuldaernachrichten.de\/index.php?rest_route=%2Fwp%2Fv2%2Ftags&post=168259"}],"curies":[{"name":"wp","href":"https:\/\/api.w.org\/{rel}","templated":true}]}}