{"id":167912,"date":"2017-09-20T07:55:16","date_gmt":"2017-09-20T05:55:16","guid":{"rendered":"http:\/\/www.fuldaer-nachrichten.de\/?p=167912"},"modified":"2017-09-20T07:55:16","modified_gmt":"2017-09-20T05:55:16","slug":"10-poppenhausener-bildhauertage-jubilaeums-workshop-vom-11-bis-15-september-2017","status":"publish","type":"post","link":"https:\/\/www.fuldaernachrichten.de\/?p=167912","title":{"rendered":"10. Poppenhausener Bildhauertage &#8211; Jubil\u00e4ums-Workshop vom 11. bis 15. September 2017"},"content":{"rendered":"<p>In der Gemeinde Poppenhausen (Wasserkuppe) entstand seit 2001 auf dem Verbindungsweg zwischen dem \u201eGrabenh\u00f6fchen\u201c und der \u201eMaulkuppe\u201c, einem der meistbegangenen Wander- und Spazierwege der Rh\u00f6n, die \u201ePoppenhausener Kunstmeile\u201c. Bei den drei Initiatoren handelt es sich um Dr. Ulrich Barnickel, Revierf\u00f6rster Joachim Schleicher und B\u00fcrgermeister Manfred Helfrich. <\/p>\n<p>Die bisherigen Themen lauten: Baumgrenzen \u2013 Ulmen in der Rh\u00f6n, Einsam und Gemeinsam, Zwischen Himmel und Erde, T\u00fcr und Tor, Nebelwelten, Aufwind, Ignoranz, Demut und \u00dcberflieger. Zu diesen Themen haben auf der Kunstmeile inzwischen etwa 40 Holzskulpturen ihren Platz gefunden. Mit den vielen Besuchern sind auch die Initiatoren der Meinung, dass sich die Objekte sehr gut in die Rh\u00f6ner Kulturlandschaft einf\u00fcgen. Die Betrachter setzen sich mit den Skulpturen in verschiedenster Art auseinander. Kunst &#8211; hergestellt aus heimischem Holz und ausgestellt in der freien Natur &#8211; ist so f\u00fcr jedermann frei zug\u00e4nglich. &#8211; Auf der Poppenhausener Kunstmeile, dort wo sich Kunst, Kultur und Natur begegnen\u201c.\u201cIn einem Zweijahres-Rhythmus setzte die Gemeinde Poppenhausen in diesem Jahr die Initiative der Holzbildhauertage fortsetzen und richtete diese zum 10. Mal aus\u201c, so B\u00fcrgermeister Manfred Helfrich, der die Bildhauer-Tage jeweils organisiert und dabei auf die Unterst\u00fctzung seiner beiden Mitstreiter z\u00e4hlen konnte.<\/p>\n<p>Das Stammholz wurde auch in diesem Jahr wieder von Hessen Forst, dem Forstamt Hofbieber, zur Verf\u00fcgung gestellt.<\/p>\n<p>Das Thema orientierte sich in diesem Jahr an der Fl\u00fcchtlingsbewegung und lautet \u201eINTEGRATION\u201c.<br \/>\nFolgende Bildhauer waren auf der Wiese neben dem Team-Tower in der Freizeitanlage L\u00fcttergrund am Werk.<\/p>\n","protected":false},"excerpt":{"rendered":"<div class=\"tmnf_excerpt\"><p>In der Gemeinde Poppenhausen (Wasserkuppe) entstand seit 2001 auf dem Verbindungsweg zwischen dem \u201eGrabenh\u00f6fchen\u201c und der \u201eMaulkuppe\u201c, einem der meistbegangenen Wander- und Spazierwege der Rh\u00f6n, die \u201ePoppenhausener Kunstmeile\u201c. Bei den drei Initiatoren handelt es sich um Dr. Ulrich Barnickel, Revierf\u00f6rster Joachim Schleicher und B\u00fcrgermeister Manfred Helfrich. Die bisherigen Themen lauten: Baumgrenzen \u2013 Ulmen in der &hellip;<\/p>\n<\/div>","protected":false},"author":1,"featured_media":167916,"comment_status":"closed","ping_status":"closed","sticky":false,"template":"","format":"gallery","meta":{"footnotes":""},"categories":[1],"tags":[],"class_list":["post-167912","post","type-post","status-publish","format-gallery","has-post-thumbnail","hentry","category-startseite","post_format-post-format-gallery"],"_links":{"self":[{"href":"https:\/\/www.fuldaernachrichten.de\/index.php?rest_route=\/wp\/v2\/posts\/167912","targetHints":{"allow":["GET"]}}],"collection":[{"href":"https:\/\/www.fuldaernachrichten.de\/index.php?rest_route=\/wp\/v2\/posts"}],"about":[{"href":"https:\/\/www.fuldaernachrichten.de\/index.php?rest_route=\/wp\/v2\/types\/post"}],"author":[{"embeddable":true,"href":"https:\/\/www.fuldaernachrichten.de\/index.php?rest_route=\/wp\/v2\/users\/1"}],"replies":[{"embeddable":true,"href":"https:\/\/www.fuldaernachrichten.de\/index.php?rest_route=%2Fwp%2Fv2%2Fcomments&post=167912"}],"version-history":[{"count":1,"href":"https:\/\/www.fuldaernachrichten.de\/index.php?rest_route=\/wp\/v2\/posts\/167912\/revisions"}],"predecessor-version":[{"id":167922,"href":"https:\/\/www.fuldaernachrichten.de\/index.php?rest_route=\/wp\/v2\/posts\/167912\/revisions\/167922"}],"wp:featuredmedia":[{"embeddable":true,"href":"https:\/\/www.fuldaernachrichten.de\/index.php?rest_route=\/wp\/v2\/media\/167916"}],"wp:attachment":[{"href":"https:\/\/www.fuldaernachrichten.de\/index.php?rest_route=%2Fwp%2Fv2%2Fmedia&parent=167912"}],"wp:term":[{"taxonomy":"category","embeddable":true,"href":"https:\/\/www.fuldaernachrichten.de\/index.php?rest_route=%2Fwp%2Fv2%2Fcategories&post=167912"},{"taxonomy":"post_tag","embeddable":true,"href":"https:\/\/www.fuldaernachrichten.de\/index.php?rest_route=%2Fwp%2Fv2%2Ftags&post=167912"}],"curies":[{"name":"wp","href":"https:\/\/api.w.org\/{rel}","templated":true}]}}