{"id":167798,"date":"2017-09-18T13:13:47","date_gmt":"2017-09-18T11:13:47","guid":{"rendered":"http:\/\/www.fuldaer-nachrichten.de\/?p=167798"},"modified":"2017-09-18T13:13:47","modified_gmt":"2017-09-18T11:13:47","slug":"proteste-in-malkes-und-eichenzell-landratskandidat-simon-schueler-fordert-mehr-buergerbeteiligung","status":"publish","type":"post","link":"https:\/\/www.fuldaernachrichten.de\/?p=167798","title":{"rendered":"Proteste in Malkes und Eichenzell: Landratskandidat Simon Sch\u00fcler fordert mehr B\u00fcrgerbeteiligung"},"content":{"rendered":"<div class=\"page\" title=\"Page 1\">\n<div class=\"layoutArea\">\n<div class=\"column\">\n<p>Anl\u00e4sslich der Diskussionen um die geplante Kalkkiesgrube in Malkes erneuert Simon Sch\u00fcler, Landratskandidat der SPD und stellvertretender Vorsitzender der SPD Fulda-West, seine Forderung nach mehr B\u00fcrgerbeteiligung und mehr Transparenz im politischen Prozess. \u201eWie in so vielen anderen F\u00e4llen der j\u00fcngeren Vergangenheit zeigt sich auch hier, dass viele B\u00fcrgerinnen und B\u00fcrger sich vor vollendete Tatsachen gestellt und unzureichend eingebunden f\u00fchlen.\u201c<\/p>\n<p>Dies wolle er als Landrat \u00e4ndern, so Sch\u00fcler, und den Kreis Fulda zum \u201eMitmach-Landkreis\u201c mit vielen direktdemokratischen Elementen und umfassenden Einsichtsm\u00f6glichkeiten umbauen: \u201eViele B\u00fcrgerinnen und B\u00fcrger wollen sich bei bestimmten Themen einbringen, die ben\u00f6tigten Informationen und Partizipationsm\u00f6glichkeiten werden ihnen aber oft vorenthalten.\u201c<\/p>\n<p>Ein weiteres Beispiel hierf\u00fcr sei die geplante Schredderanlage in Eichenzell: \u201eIn meinem Gespr\u00e4ch mit der \u00e2\u20ac\u0161IG Schredder\u00e2\u20ac\u02dc wurde deutlich, dass Kommunalpolitik hier genau so funktioniert, wie sie meiner Ansicht nach auf keinen Fall funktionieren sollte, da braucht es ein anderes Politikverst\u00e4ndnis. Insofern begr\u00fc\u00dfe ich, dass die Entscheidung aufgrund der erheblichen und nachvollziehbaren Proteste jetzt zumindest erst einmal vertagt wurde\u201c, so der Landratskandidat abschlie\u00dfend.<\/p>\n<\/div>\n<\/div>\n<\/div>\n","protected":false},"excerpt":{"rendered":"<div class=\"tmnf_excerpt\"><p>Anl\u00e4sslich der Diskussionen um die geplante Kalkkiesgrube in Malkes erneuert Simon Sch\u00fcler, Landratskandidat der SPD und stellvertretender Vorsitzender der SPD Fulda-West, seine Forderung nach mehr B\u00fcrgerbeteiligung und mehr Transparenz im politischen Prozess. \u201eWie in so vielen anderen F\u00e4llen der j\u00fcngeren Vergangenheit zeigt sich auch hier, dass viele B\u00fcrgerinnen und B\u00fcrger sich vor vollendete Tatsachen gestellt &hellip;<\/p>\n<\/div>","protected":false},"author":1,"featured_media":167799,"comment_status":"closed","ping_status":"closed","sticky":false,"template":"","format":"standard","meta":{"footnotes":""},"categories":[1],"tags":[],"class_list":["post-167798","post","type-post","status-publish","format-standard","has-post-thumbnail","hentry","category-startseite"],"_links":{"self":[{"href":"https:\/\/www.fuldaernachrichten.de\/index.php?rest_route=\/wp\/v2\/posts\/167798","targetHints":{"allow":["GET"]}}],"collection":[{"href":"https:\/\/www.fuldaernachrichten.de\/index.php?rest_route=\/wp\/v2\/posts"}],"about":[{"href":"https:\/\/www.fuldaernachrichten.de\/index.php?rest_route=\/wp\/v2\/types\/post"}],"author":[{"embeddable":true,"href":"https:\/\/www.fuldaernachrichten.de\/index.php?rest_route=\/wp\/v2\/users\/1"}],"replies":[{"embeddable":true,"href":"https:\/\/www.fuldaernachrichten.de\/index.php?rest_route=%2Fwp%2Fv2%2Fcomments&post=167798"}],"version-history":[{"count":1,"href":"https:\/\/www.fuldaernachrichten.de\/index.php?rest_route=\/wp\/v2\/posts\/167798\/revisions"}],"predecessor-version":[{"id":167800,"href":"https:\/\/www.fuldaernachrichten.de\/index.php?rest_route=\/wp\/v2\/posts\/167798\/revisions\/167800"}],"wp:featuredmedia":[{"embeddable":true,"href":"https:\/\/www.fuldaernachrichten.de\/index.php?rest_route=\/wp\/v2\/media\/167799"}],"wp:attachment":[{"href":"https:\/\/www.fuldaernachrichten.de\/index.php?rest_route=%2Fwp%2Fv2%2Fmedia&parent=167798"}],"wp:term":[{"taxonomy":"category","embeddable":true,"href":"https:\/\/www.fuldaernachrichten.de\/index.php?rest_route=%2Fwp%2Fv2%2Fcategories&post=167798"},{"taxonomy":"post_tag","embeddable":true,"href":"https:\/\/www.fuldaernachrichten.de\/index.php?rest_route=%2Fwp%2Fv2%2Ftags&post=167798"}],"curies":[{"name":"wp","href":"https:\/\/api.w.org\/{rel}","templated":true}]}}