{"id":167743,"date":"2017-09-15T09:15:00","date_gmt":"2017-09-15T07:15:00","guid":{"rendered":"http:\/\/www.fuldaer-nachrichten.de\/?p=167743"},"modified":"2017-09-15T09:15:00","modified_gmt":"2017-09-15T07:15:00","slug":"aok-hessen-mit-30-000-neuen-versicherten-weiter-auf-erfolgskurs","status":"publish","type":"post","link":"https:\/\/www.fuldaernachrichten.de\/?p=167743","title":{"rendered":"AOK Hessen mit 30.000 neuen Versicherten weiter auf Erfolgskurs"},"content":{"rendered":"<p>Nach der Sozialwahl im Mai 2017 konstituierte sich der Verwaltungsrat der AOK Hessen auf seiner Sitzung in Bad Orb jetzt neu. In der Sozialwahl werden die ehrenamtlichen Vertreterinnen und Vertreter der Versicherten und der Arbeitgeber in der Selbstverwaltung gew\u00e4hlt. In der AOK Hessen erfolgte dies \u00fcber eine sogenannte Friedenswahl. Einige Mitglieder wurden aus dem Gremium verabschiedet, andere kamen neu hinzu.<\/p>\n<p>Keine \u00c4nderungen gab es an der Spitze des Verwaltungsrates. Er best\u00e4tigte Brigitte Baki f\u00fcr die Versichertenseite und Dr. Stefan Hoehl f\u00fcr die Arbeitgeber in ihren \u00c4mtern. F\u00fcr beide hat die Selbstverwaltung eine wichtige gesellschaftliche Funktion: \u201eDie institutionelle Mitbestimmung von Versicherten und Arbeitgebern st\u00e4rkt die demokratische Legitimation der Entscheidungen der AOK. Der Interessenausgleich zwischen Versicherten und Arbeitgebern tr\u00e4gt zum sozialen Frieden in unserem Sozialstaat bei. Gerade deshalb muss die Autonomie der Selbstverwaltung erhalten bleiben und darf nicht durch neue Kontroll- und Weisungsbefugnisse der Aufsichtsbeh\u00f6rden von einer Rechts- zu einer Fachaufsicht eingeschr\u00e4nkt werden.\u201c<\/p>\n<p>Die Selbstverwaltung bei der AOK Hessen<br \/>\nDer Verwaltungsrat ist das zentrale Kontrollorgan der AOK Hessen. Er umfasst 30 Mitglieder, 15 Versicherten- und 15 Arbeitgebervertreter, beschlie\u00dft die Satzung, stellt den Haushaltsplan fest, \u00fcberwacht den hauptamtlichen Vorstand und entlastet ihn durch die Abnahme der Jahresrechnung. Des Weiteren trifft er Entscheidungen von grund\u00c2\u00ads\u00e4tzlicher Bedeutung und setzt den kassenindividu\u00c2\u00adellen Zusatzbeitragssatz fest. Die ehrenamtlichen Mitglieder des Verwaltungsrates geben den Beitrags\u00c2\u00adzahlern in der Gesetzlichen Krankenversicherung eine Stimme und bringen sie in die gesundheitspoliti\u00c2\u00adsche Diskussion ebenso wie in die unternehmeri\u00c2\u00adsche Entwicklung der AOK Hessen ein. <\/p>\n<p>Neue Mitglieder<br \/>\nBaki und Hoehl begr\u00fc\u00dften die neuen Mitglieder des Gremiums und verabschiedeten jene, die aus dem Ehrenamt ausscheiden. Zudem wurden verdiente Verwaltungsratsmitglieder f\u00fcr ihre besonderen Leistungen mit AOK-Ehrenzeichen ausgezeichnet. Neu mit dabei sind auf Arbeitgeberseite der Gesch\u00e4ftsf\u00fchrer des Landesinnungsverbandes der hessischen Dachdecker Norbert Hain aus Villmar-Langhecke und Hotelier Frank Vieregge aus Eppelheim. Auf Versichertenseite nehmen die Angestellte Sabine Daum aus Bad Hersfeld und Rentnerin Ursula K\u00f6nig-Schneyer aus Butzbach jeweils einen Sitz im neuen Verwaltungsrat der Gesundheitskasse ein. Detlef Lamm, der Vorstandsvorsitzende der AOK Hessen, freut sich auf die Zusammenarbeit mit dem neu zusammengesetzten Verwaltungsrat. \u201eDie positive Gesch\u00e4ftsentwicklung der AOK Hessen der vergangenen Jahre konnte nur durch die konstruktive Zusammenarbeit von Verwaltungsrat und Vorstand erreicht werden.\u201c So habe die AOK Hessen im vergangenen Jahr \u00fcber 30.000 Versicherte hinzugewinnen und damit ihre Stellung als Marktf\u00fchrer ausbauen k\u00f6nnen. <\/p>\n<p>Hintergrund: Was ist eine Friedenswahl?<br \/>\nVon einer Friedenswahl spricht man, wenn nur ein Wahlvorschlag vorliegt oder die Wahlvorschl\u00e4ge insgesamt nicht mehr Bewerber aufweisen als Pl\u00e4tze zu vergeben sind. Bei einer Friedenswahl gilt der vorliegende Wahlvorschlag automatisch als gew\u00e4hlt. Bei den Vertreterwahlen in der Sozialversicherung sind sowohl auf Arbeitnehmer- als auch auf Arbeitgeberseite Friedenswahlen m\u00f6glich.\u00c2\u00a0Festgeschrieben ist die M\u00f6glichkeit der Friedenswahl\u00c2\u00a0 in \u00c2\u00a7\u00c2\u00a046 Abs. 2 SGB IV und in \u00c2\u00a7 28 SVWO.<\/p>\n","protected":false},"excerpt":{"rendered":"<div class=\"tmnf_excerpt\"><p>Nach der Sozialwahl im Mai 2017 konstituierte sich der Verwaltungsrat der AOK Hessen auf seiner Sitzung in Bad Orb jetzt neu. In der Sozialwahl werden die ehrenamtlichen Vertreterinnen und Vertreter der Versicherten und der Arbeitgeber in der Selbstverwaltung gew\u00e4hlt. In der AOK Hessen erfolgte dies \u00fcber eine sogenannte Friedenswahl. Einige Mitglieder wurden aus dem Gremium &hellip;<\/p>\n<\/div>","protected":false},"author":1,"featured_media":0,"comment_status":"closed","ping_status":"closed","sticky":false,"template":"","format":"standard","meta":{"footnotes":""},"categories":[1],"tags":[],"class_list":["post-167743","post","type-post","status-publish","format-standard","hentry","category-startseite"],"_links":{"self":[{"href":"https:\/\/www.fuldaernachrichten.de\/index.php?rest_route=\/wp\/v2\/posts\/167743","targetHints":{"allow":["GET"]}}],"collection":[{"href":"https:\/\/www.fuldaernachrichten.de\/index.php?rest_route=\/wp\/v2\/posts"}],"about":[{"href":"https:\/\/www.fuldaernachrichten.de\/index.php?rest_route=\/wp\/v2\/types\/post"}],"author":[{"embeddable":true,"href":"https:\/\/www.fuldaernachrichten.de\/index.php?rest_route=\/wp\/v2\/users\/1"}],"replies":[{"embeddable":true,"href":"https:\/\/www.fuldaernachrichten.de\/index.php?rest_route=%2Fwp%2Fv2%2Fcomments&post=167743"}],"version-history":[{"count":1,"href":"https:\/\/www.fuldaernachrichten.de\/index.php?rest_route=\/wp\/v2\/posts\/167743\/revisions"}],"predecessor-version":[{"id":167756,"href":"https:\/\/www.fuldaernachrichten.de\/index.php?rest_route=\/wp\/v2\/posts\/167743\/revisions\/167756"}],"wp:attachment":[{"href":"https:\/\/www.fuldaernachrichten.de\/index.php?rest_route=%2Fwp%2Fv2%2Fmedia&parent=167743"}],"wp:term":[{"taxonomy":"category","embeddable":true,"href":"https:\/\/www.fuldaernachrichten.de\/index.php?rest_route=%2Fwp%2Fv2%2Fcategories&post=167743"},{"taxonomy":"post_tag","embeddable":true,"href":"https:\/\/www.fuldaernachrichten.de\/index.php?rest_route=%2Fwp%2Fv2%2Ftags&post=167743"}],"curies":[{"name":"wp","href":"https:\/\/api.w.org\/{rel}","templated":true}]}}