{"id":167727,"date":"2017-09-15T09:11:03","date_gmt":"2017-09-15T07:11:03","guid":{"rendered":"http:\/\/www.fuldaer-nachrichten.de\/?p=167727"},"modified":"2017-09-15T09:11:03","modified_gmt":"2017-09-15T07:11:03","slug":"ist-der-antifeminismus-salonfaehig-geworden","status":"publish","type":"post","link":"https:\/\/www.fuldaernachrichten.de\/?p=167727","title":{"rendered":"Ist der Antifeminismus salonf\u00e4hig geworden?"},"content":{"rendered":"<p>Zu einem Vortrag zum Thema \u201eDie Verteidigung der Geschlechterverh\u00e4ltnisse \u2013 Antifeministische Einstellungen in Deutschland\u201c l\u00e4dt der F\u00f6rderverein Frauenzentrum e.V. am Dienstag, 19. September, um 19 Uhr ins Frauenzentrum Fulda, Schlossstra\u00dfe 12, ein.<\/p>\n<p>In aktuellen politischen Debatten um Familienmodelle und Gleichstellungsfragen werden die Forderungen und Errungenschaften des Feminismus vermehrt angegriffen. Unter R\u00fcckgriff auf antifeministische Vorurteile werden feministische Positionen \u00f6ffentlich diffamiert und zeitgleich die Frage aufgeworfen, ob es diese Stimmen heutzutage noch brauche. Offen auftretende Feministinnen m\u00fcssen sich besonders im Netz verst\u00e4rkt mit Anfeindungen auseinandersetzen. Vor diesem Hintergrund stellt sich die Frage, wie stark ein moderner Antifeminismus in Deutschland Unterst\u00fctzung findet und wie sich diese Pr\u00e4senz erkl\u00e4ren und einordnen l\u00e4sst.<\/p>\n<p>Der Vortrag stellt die Forschungsergebnisse der Heinrich-Heine-Universit\u00e4t vor und gibt damit einen \u00dcberblick \u00fcber antifeministische Einstellungen in Deutschland und ihren sozialen Hintergrund.<\/p>\n<p>Der Teilnahmebeitrag betr\u00e4gt 3 Euro pro Person. Informationen sind \u00fcber das Frauenb\u00fcro der Stadt Fulda, Tel. (0661) 102-1040 oder per E-Mail an frauenbuero@fulda.de m\u00f6glich.<\/p>\n","protected":false},"excerpt":{"rendered":"<div class=\"tmnf_excerpt\"><p>Zu einem Vortrag zum Thema \u201eDie Verteidigung der Geschlechterverh\u00e4ltnisse \u2013 Antifeministische Einstellungen in Deutschland\u201c l\u00e4dt der F\u00f6rderverein Frauenzentrum e.V. am Dienstag, 19. September, um 19 Uhr ins Frauenzentrum Fulda, Schlossstra\u00dfe 12, ein. In aktuellen politischen Debatten um Familienmodelle und Gleichstellungsfragen werden die Forderungen und Errungenschaften des Feminismus vermehrt angegriffen. Unter R\u00fcckgriff auf antifeministische Vorurteile werden &hellip;<\/p>\n<\/div>","protected":false},"author":1,"featured_media":167737,"comment_status":"closed","ping_status":"closed","sticky":false,"template":"","format":"standard","meta":{"footnotes":""},"categories":[1],"tags":[],"class_list":["post-167727","post","type-post","status-publish","format-standard","has-post-thumbnail","hentry","category-startseite"],"_links":{"self":[{"href":"https:\/\/www.fuldaernachrichten.de\/index.php?rest_route=\/wp\/v2\/posts\/167727","targetHints":{"allow":["GET"]}}],"collection":[{"href":"https:\/\/www.fuldaernachrichten.de\/index.php?rest_route=\/wp\/v2\/posts"}],"about":[{"href":"https:\/\/www.fuldaernachrichten.de\/index.php?rest_route=\/wp\/v2\/types\/post"}],"author":[{"embeddable":true,"href":"https:\/\/www.fuldaernachrichten.de\/index.php?rest_route=\/wp\/v2\/users\/1"}],"replies":[{"embeddable":true,"href":"https:\/\/www.fuldaernachrichten.de\/index.php?rest_route=%2Fwp%2Fv2%2Fcomments&post=167727"}],"version-history":[{"count":1,"href":"https:\/\/www.fuldaernachrichten.de\/index.php?rest_route=\/wp\/v2\/posts\/167727\/revisions"}],"predecessor-version":[{"id":167738,"href":"https:\/\/www.fuldaernachrichten.de\/index.php?rest_route=\/wp\/v2\/posts\/167727\/revisions\/167738"}],"wp:featuredmedia":[{"embeddable":true,"href":"https:\/\/www.fuldaernachrichten.de\/index.php?rest_route=\/wp\/v2\/media\/167737"}],"wp:attachment":[{"href":"https:\/\/www.fuldaernachrichten.de\/index.php?rest_route=%2Fwp%2Fv2%2Fmedia&parent=167727"}],"wp:term":[{"taxonomy":"category","embeddable":true,"href":"https:\/\/www.fuldaernachrichten.de\/index.php?rest_route=%2Fwp%2Fv2%2Fcategories&post=167727"},{"taxonomy":"post_tag","embeddable":true,"href":"https:\/\/www.fuldaernachrichten.de\/index.php?rest_route=%2Fwp%2Fv2%2Ftags&post=167727"}],"curies":[{"name":"wp","href":"https:\/\/api.w.org\/{rel}","templated":true}]}}