{"id":167639,"date":"2017-09-13T08:24:44","date_gmt":"2017-09-13T06:24:44","guid":{"rendered":"http:\/\/www.fuldaer-nachrichten.de\/?p=167639"},"modified":"2017-09-13T08:24:44","modified_gmt":"2017-09-13T06:24:44","slug":"wander-und-methodenwoche-bringt-neue-impulse-zum-schuljahresbeginn","status":"publish","type":"post","link":"https:\/\/www.fuldaernachrichten.de\/?p=167639","title":{"rendered":"Wander- und Methodenwoche bringt neue Impulse zum Schuljahresbeginn"},"content":{"rendered":"<p>Dass bereits kurz nach Schuljahresbeginn die beiden Standorte der Albert-Schweitzer-Schule f\u00fcr eine Woche fast ein wenig verwaist wirkten, hat einen Grund: Mit der Wander- und Methodenwoche sollen fr\u00fch im Jahr neue, frische Impulse gegeben werden, die sowohl dem Lernbedarf der Sch\u00fclerinnen und Sch\u00fcler entsprechen als auch den Anforderungen an die verschiedenen Jahrgangsstufen gerecht werden. So sieht das Konzept der Albert-Schweitzer-Schule f\u00fcr alle Altersklassen interessante und gewinnbringende Angebote vor, die teilweise bereits Tradition haben, mitunter aber auch jedes Jahr aktuell erarbeitet werden.<\/p>\n<p>F\u00fcr die frischgebackenen Gymnasiasten, die F\u00fcnftkl\u00e4ssler also, geht es darum, die neu zusammengesetzten Gemeinschaften zu st\u00e4rken. Verschiedene Angebote dienen dazu, sich kennenzulernen und einen wertsch\u00e4tzenden Umgang zu vertiefen. So verbrachten die Zehn- bis Elfj\u00e4hrigen einen gemeinsamen Tag zum Thema \u201eKlasse werden\u201c mit den P\u00e4dagogen des Caf\u00e9 Online, sie hatten einen aufregenden Tag im Wald, der von F\u00f6rster Cristof Croonenbrock spannend und interessant begleitet wurde, und sie machten gemeinsam Musik. Und mehr als das: Auch um das Lernen ging es bei ihnen: Das Methodentraining sah einen Lerntypentest vor und vermittelte wertvolle Ans\u00e4tze zum Lernen selbst.<\/p>\n<p>Die Sechstkl\u00e4ssler verabschiedeten sich komplett aus der Region \u2013 ihre Klassenfahrten f\u00fchrten sie unter anderem nach Eschwege und Bad Zwesten.<\/p>\n<p>W\u00e4hrenddessen widmeten sich die Siebtkl\u00e4ssler wieder dem Thema \u201eGemeinschaft und sich selbst st\u00e4rken\u201c. Einige nahmen an dem Programm \u201ePr\u00e4vention im Team\u201c (PiT) teil, ein Konzept von Caf\u00e9 Online, der Albert-Schweitzer-Schule und der Polizei zum Thema Gewaltpr\u00e4vention. Weiterhin stand f\u00fcr sie der Umgang mit \u201eGZSZ \u2013 Guten Zeiten, schlechten Zeiten\u201c auf dem Wochenplan, ein Suchtpr\u00e4ventions-programm, das Kindern und Jugendlichen M\u00f6glichkeiten an die Hand geben soll, auch mit schlechten Zeiten umzugehen und sich Fachpartner zur Bew\u00e4ltigung von Problemen zu suchen. So lernten sie verschiedene Beratungsstellen kennen und arbeiteten mit Experten an verschiedenen Themen. Zu diesen Einheiten geh\u00f6rte auch ein Besuch des Kletterwaldes Hoherodskopf, der die Kinder herausforderte und ihre pers\u00f6nlichen Kompetenzen hervorlockte.<\/p>\n<p>Musik, Sport, Erdkunde, Chemie und Physik \u2013 in einem rotierenden System verbrachten die achten Klassen je einen Schwerpunkttag. Und die hatten es in sich, denn die Lehrkr\u00e4fte hatten sich daf\u00fcr allerhand einfallen lassen: So arbeiteten sie an einem Musik- und Tanzprojekt, das ihnen viel mehr M\u00f6glichkeiten im Umgang mit Musik bot, als dies im normalen Unterricht m\u00f6glich war. Der Sporttag stand im Zeichen der Bikes: Die Gruppen erlernten verschiedene Moves auf dem schuleigenen Pumptrack und machten sich auf zu einer Radexkursion ins Umland. Dem Erdkundetag ging ein Besuch der Steinexpo voraus, die passenderweise eine Woche vor der Themenwoche stattfand. Ziemlich beeindruckt von dieser Ausstellung im gr\u00f6\u00dften Basaltsteinbruch Europas im nahegelegenen Nieder-Ofleiden, brachten sie einige Gesteine mit in den Klassenraum, die sie in der Themenwoche  analysierten. Dass Physik auch etwas mit Kreativit\u00e4t und Gestaltung zu tun haben kann, erfuhren die Jugendlichen schlie\u00dflich beim L\u00f6ten, wo ihrer Kreativit\u00e4t keine Grenzen gesetzt waren. In der Chemie fanden die praktischen Versuche, bei denen es ordentlich zischte und krachte, gro\u00dfen Anklang bei den Sch\u00fclerinnen und Sch\u00fclern. <\/p>\n<p>Mit einem ausf\u00fchrlichen Bewerbertraining besch\u00e4ftigten sich die neunten Klassen: Im Rahmen des Programms EVA -eigenverantwortliches Arbeiten und Lernen &#8211; erhielten sie erste wichtige Impulse zu diesem Thema, sie erarbeiteten sich ihre Praktikumsunterlagen und lernten im Rahmen von Exkursionen verschiedenen Firmen in der Region kennen, die vielleicht auch f\u00fcr ihr 14t\u00e4giges Praktikum im kommenden Januar zur Verf\u00fcgung stehen, so z.B. bei der \u00f6rtlichen Zeitung, im Krankenhaus, beim Karosseriebau und in der B\u00e4ckerei. So ger\u00fcstet werden sie auch am 13.09. an der Ausbildungsmesse des Vogelsbergkreises in der Hessenhalle teilnehmen. <\/p>\n<p>Die Sch\u00fclerinnen und Sch\u00fcler der E-Phase widmeten sich verschiedenen Ans\u00e4tzen in unterschiedlichen Bereichen: Sie konnten naturwissenschaftliche, musische, k\u00fcnstlerische, sportliche, historische oder theologische Aspekte ausw\u00e4hlen und anhand dieser Themen Pr\u00e4sentationstechniken und Methodenschwerpunkte erarbeiten \u2013 ein wichtiges Angebot, besonders im Blick auf die Bedeutung guter Pr\u00e4sentationen in Schule, Studium und Beruf. Dar\u00fcber hinaus hatten sie die M\u00f6glichkeit, an einem Erste-Hilfe-Kurs teilzunehmen, den das DRK in der Schule anbot.<br \/>\nAuf die Berufs- und Studienorientierung konzentrierten sich die Sch\u00fclerinnen und Sch\u00fcler der Jahrgangsstufe Q1. Sie erhielten verschiedene berufsvorbereitende Trainings und nahmen zwei Tage lang an den Oberstufen-Info-Tagen teil. Dar\u00fcber hinaus informierten sie sich im Gespr\u00e4ch mit der ehemaligen ASS-Sch\u00fclerin Eva Kassautzki \u00fcber ein freiwilliges Jahr im Ausland. Kassautzki war im Rahmen des \u201eweltw\u00e4rts\u201c-Programms ein Jahr lang in Ghana gewesen. Auch die Sch\u00fclerinnen und Sch\u00fcler der Q1 werden die Ausbildungsmesse besuchen, um sich beruflich zu orientieren und evtl. einen Praktikumsplatz f\u00fcr ihr 2. Praktikum im M\u00e4rz 2018 zu finden.<\/p>\n<p>Das letzte Schuljahr ihres Lebens begannen schlie\u00dflich die Sch\u00fclerinnen und Sch\u00fcler der Q3 mit ihrer Abschlussfahrt. Sie erkundeten verschiedene europ\u00e4ische St\u00e4dte wie Wien, Amsterdam oder Mailand und versorgten sich dort mit vielen sch\u00f6nen Erinnerungen und neuen bleibenden Eindr\u00fccken.<br \/>\nLetzteres kann man wohl f\u00fcr alle Sch\u00fclerinnen und Sch\u00fcler der Albert-Schweitzer-Schule behaupten, die in dieser Woche die Gelegenheit hatten und nutzten, ihre Horizonte in vielerlei Hinsicht zu erweitern.<\/p>\n","protected":false},"excerpt":{"rendered":"<div class=\"tmnf_excerpt\"><p>Dass bereits kurz nach Schuljahresbeginn die beiden Standorte der Albert-Schweitzer-Schule f\u00fcr eine Woche fast ein wenig verwaist wirkten, hat einen Grund: Mit der Wander- und Methodenwoche sollen fr\u00fch im Jahr neue, frische Impulse gegeben werden, die sowohl dem Lernbedarf der Sch\u00fclerinnen und Sch\u00fcler entsprechen als auch den Anforderungen an die verschiedenen Jahrgangsstufen gerecht werden. So &hellip;<\/p>\n<\/div>","protected":false},"author":1,"featured_media":167659,"comment_status":"closed","ping_status":"closed","sticky":false,"template":"","format":"gallery","meta":{"footnotes":""},"categories":[1],"tags":[],"class_list":["post-167639","post","type-post","status-publish","format-gallery","has-post-thumbnail","hentry","category-startseite","post_format-post-format-gallery"],"_links":{"self":[{"href":"https:\/\/www.fuldaernachrichten.de\/index.php?rest_route=\/wp\/v2\/posts\/167639","targetHints":{"allow":["GET"]}}],"collection":[{"href":"https:\/\/www.fuldaernachrichten.de\/index.php?rest_route=\/wp\/v2\/posts"}],"about":[{"href":"https:\/\/www.fuldaernachrichten.de\/index.php?rest_route=\/wp\/v2\/types\/post"}],"author":[{"embeddable":true,"href":"https:\/\/www.fuldaernachrichten.de\/index.php?rest_route=\/wp\/v2\/users\/1"}],"replies":[{"embeddable":true,"href":"https:\/\/www.fuldaernachrichten.de\/index.php?rest_route=%2Fwp%2Fv2%2Fcomments&post=167639"}],"version-history":[{"count":1,"href":"https:\/\/www.fuldaernachrichten.de\/index.php?rest_route=\/wp\/v2\/posts\/167639\/revisions"}],"predecessor-version":[{"id":167665,"href":"https:\/\/www.fuldaernachrichten.de\/index.php?rest_route=\/wp\/v2\/posts\/167639\/revisions\/167665"}],"wp:featuredmedia":[{"embeddable":true,"href":"https:\/\/www.fuldaernachrichten.de\/index.php?rest_route=\/wp\/v2\/media\/167659"}],"wp:attachment":[{"href":"https:\/\/www.fuldaernachrichten.de\/index.php?rest_route=%2Fwp%2Fv2%2Fmedia&parent=167639"}],"wp:term":[{"taxonomy":"category","embeddable":true,"href":"https:\/\/www.fuldaernachrichten.de\/index.php?rest_route=%2Fwp%2Fv2%2Fcategories&post=167639"},{"taxonomy":"post_tag","embeddable":true,"href":"https:\/\/www.fuldaernachrichten.de\/index.php?rest_route=%2Fwp%2Fv2%2Ftags&post=167639"}],"curies":[{"name":"wp","href":"https:\/\/api.w.org\/{rel}","templated":true}]}}