{"id":167637,"date":"2017-09-13T08:21:34","date_gmt":"2017-09-13T06:21:34","guid":{"rendered":"http:\/\/www.fuldaer-nachrichten.de\/?p=167637"},"modified":"2017-09-13T08:21:34","modified_gmt":"2017-09-13T06:21:34","slug":"unterwegs-in-ulrichstein-und-schotten-mit-den-drei-vogelsberger-direktkandidaten-der-gruenen","status":"publish","type":"post","link":"https:\/\/www.fuldaernachrichten.de\/?p=167637","title":{"rendered":"Unterwegs in Ulrichstein und Schotten mit den drei Vogelsberger Direktkandidaten der GR\u00dcNEN"},"content":{"rendered":"<p>Die Vogelsberger Gr\u00fcnen laden ein zu einer F\u00fchrung durch den Vogelsberggarten in Ulrichstein und zu einer F\u00fchrung durch das Vulkaneum in Schotten am kommenden Sonntag, 17.September.<br \/>\nStart ist um 10:30 Uhr in Ulrichstein am Museum im Vorwerk, Hauptstra\u00dfe 33. Die gef\u00fchrte Besichtigung des Vogelsberggartens geht bis 13 Uhr. Mit dabei sind Walter Rammler, Direktkandidat f\u00fcr den Wahlkreis 174 Fulda\/Vogelsberg, zu dem Ulrichstein geh\u00f6rt, und Eva Goldbach, Landtagsabgeordnete und Sprecherin f\u00fcr den l\u00e4ndlichen Raum. Sie ist die Direktkandidatin f\u00fcr den Wahlkreis 173 Gie\u00dfen\/Vogelsberg.<\/p>\n<p>Im Anschluss an die Besichtigung geht es nach Schotten in die Pizzeria Quattro Leoni zum gemeinsamen Mittagessen mit Matthias Zach, dem Direktkandidaten f\u00fcr den Wahlkreis 175 Main-Kinzig\/Wetterau II\/Schotten.<\/p>\n<p>Um 14:30 Uhr nehmen Matthias Zach und Walter Rammler an einer F\u00fchrung durch das Vulkaneum teil.<br \/>\nAlle Interessierten sind herzlich eingeladen, ihre Kandidaten zu begleiten. Um Anmeldung wird gebeten: kreisverband@gruene-vogelsberg.de oder 06641-9122264 oder 06044-987676. Die F\u00fchrungen sind f\u00fcr die Teilnehmer kostenlos, im Vulkaneum muss lediglich der Eintrittspreis bezahlt werden.<br \/>\nVon 16 Uhr bis ca 17 Uhr halten sich Walter Rammler und Matthias Zach im Caf\u00e9 Zeitlos in Schotten auf. Hier bietet sich Gelegenheit zum Gespr\u00e4ch \u00fcber die Ziele der Kandidaten und \u00fcber das Wahlprogramm der Gr\u00fcnen.<\/p>\n","protected":false},"excerpt":{"rendered":"<div class=\"tmnf_excerpt\"><p>Die Vogelsberger Gr\u00fcnen laden ein zu einer F\u00fchrung durch den Vogelsberggarten in Ulrichstein und zu einer F\u00fchrung durch das Vulkaneum in Schotten am kommenden Sonntag, 17.September. Start ist um 10:30 Uhr in Ulrichstein am Museum im Vorwerk, Hauptstra\u00dfe 33. Die gef\u00fchrte Besichtigung des Vogelsberggartens geht bis 13 Uhr. Mit dabei sind Walter Rammler, Direktkandidat f\u00fcr &hellip;<\/p>\n<\/div>","protected":false},"author":1,"featured_media":0,"comment_status":"closed","ping_status":"closed","sticky":false,"template":"","format":"standard","meta":{"footnotes":""},"categories":[1],"tags":[],"class_list":["post-167637","post","type-post","status-publish","format-standard","hentry","category-startseite"],"_links":{"self":[{"href":"https:\/\/www.fuldaernachrichten.de\/index.php?rest_route=\/wp\/v2\/posts\/167637","targetHints":{"allow":["GET"]}}],"collection":[{"href":"https:\/\/www.fuldaernachrichten.de\/index.php?rest_route=\/wp\/v2\/posts"}],"about":[{"href":"https:\/\/www.fuldaernachrichten.de\/index.php?rest_route=\/wp\/v2\/types\/post"}],"author":[{"embeddable":true,"href":"https:\/\/www.fuldaernachrichten.de\/index.php?rest_route=\/wp\/v2\/users\/1"}],"replies":[{"embeddable":true,"href":"https:\/\/www.fuldaernachrichten.de\/index.php?rest_route=%2Fwp%2Fv2%2Fcomments&post=167637"}],"version-history":[{"count":1,"href":"https:\/\/www.fuldaernachrichten.de\/index.php?rest_route=\/wp\/v2\/posts\/167637\/revisions"}],"predecessor-version":[{"id":167640,"href":"https:\/\/www.fuldaernachrichten.de\/index.php?rest_route=\/wp\/v2\/posts\/167637\/revisions\/167640"}],"wp:attachment":[{"href":"https:\/\/www.fuldaernachrichten.de\/index.php?rest_route=%2Fwp%2Fv2%2Fmedia&parent=167637"}],"wp:term":[{"taxonomy":"category","embeddable":true,"href":"https:\/\/www.fuldaernachrichten.de\/index.php?rest_route=%2Fwp%2Fv2%2Fcategories&post=167637"},{"taxonomy":"post_tag","embeddable":true,"href":"https:\/\/www.fuldaernachrichten.de\/index.php?rest_route=%2Fwp%2Fv2%2Ftags&post=167637"}],"curies":[{"name":"wp","href":"https:\/\/api.w.org\/{rel}","templated":true}]}}