{"id":167603,"date":"2017-09-13T08:15:31","date_gmt":"2017-09-13T06:15:31","guid":{"rendered":"http:\/\/www.fuldaer-nachrichten.de\/?p=167603"},"modified":"2017-09-13T08:15:31","modified_gmt":"2017-09-13T06:15:31","slug":"gut-besuchte-veranstaltung-des-kommunalen-jobcenters-inspirationscoach-david-kadel-referierte","status":"publish","type":"post","link":"https:\/\/www.fuldaernachrichten.de\/?p=167603","title":{"rendered":"Gut besuchte Veranstaltung des Kommunalen Jobcenters &#8211; Inspirationscoach David Kadel referierte"},"content":{"rendered":"<p><a href=\"http:\/\/www.fuldaer-nachrichten.de\/wp-content\/uploads\/2017\/09\/Willkommen_Referent.jpg\"><img decoding=\"async\" src=\"http:\/\/www.fuldaer-nachrichten.de\/wp-content\/uploads\/2017\/09\/Willkommen_Referent-265x177.jpg\" alt=\"\" width=\"265\" height=\"177\" class=\"alignleft size-thumbnail wp-image-167607\" srcset=\"https:\/\/www.fuldaernachrichten.de\/wp-content\/uploads\/2017\/09\/Willkommen_Referent-265x177.jpg 265w, https:\/\/www.fuldaernachrichten.de\/wp-content\/uploads\/2017\/09\/Willkommen_Referent-768x512.jpg 768w, https:\/\/www.fuldaernachrichten.de\/wp-content\/uploads\/2017\/09\/Willkommen_Referent-600x400.jpg 600w, https:\/\/www.fuldaernachrichten.de\/wp-content\/uploads\/2017\/09\/Willkommen_Referent.jpg 900w\" sizes=\"(max-width: 265px) 100vw, 265px\" \/><\/a>Die j\u00e4hrliche Arbeitgeberveranstaltung der KVA Vogelsbergkreis \u2013 Kommunales Jobcenter im G\u00fcterbahnhof Alsfeld war gut besucht: Mehr als 190 Besucher h\u00f6rten dem Inspirationscoach David Kadel zu, sein Thema: \u201eWie kann man Menschen wachr\u00fctteln, deren Begeisterung und Leidenschaft f\u00fcr Leben und Job komplett eingeschlafen ist?\u201c Landrat Manfred G\u00f6rig blickte in seiner Er\u00f6ffnungsrede auf die letzten Jahre zur\u00fcck und konstatierte der KVA Vogelsbergkreis &#8211; Kommunales Jobcenter (KVA) erfolgreiche Arbeit, die sich unter anderem in der niedrigen Arbeitslosenquote von 4,2 Prozent ausdr\u00fccke. Dies sei umso beeindruckender, da mittlerweile auch viele Fl\u00fcchtlinge in dieser Quote mit ber\u00fccksichtig w\u00fcrden.<\/p>\n<p>Am Thema Integration von Fl\u00fcchtlingen wird zurzeit sehr intensiv gearbeitet. So wurde eine Regiestelle ins Leben gerufen, die die gesamten Sprachkurse und sonstigen Angebote im Vogelsbergkreis koordiniert. Ebenso wurde mit dem sogenannten WIR-Fallmanager eine Stelle geschaffen, die die Zusammenarbeit zwischen Ehrenamtlichen und Hauptamtlichen koordinieren wird. Landrat G\u00f6rig hob hervor, wie wichtig das Beherrschen der Deutschen Sprache f\u00fcr die Integration der Fl\u00fcchtlinge sei, weshalb das Erlernen oberste Priorit\u00e4t haben m\u00fcsse.<\/p>\n<p>Der Leiter des Fachdienstes Kommunaler Arbeitsmarkt, Ren\u00e9 Lippert, unterstrich in seiner Rede die Wichtigkeit einer guten Zusammenarbeit zwischen den lokalen Arbeitgebern, St\u00e4dten, Gemeinden und der KVA. Diese Kooperationen seien es, die die berufliche Entwicklung und Vermittlung langzeitarbeitsloser Menschen \u00fcberhaupt erst erm\u00f6gliche.<\/p>\n<p>Mit dem vom Land Hessen gef\u00f6rderten Projekt \u201eKompetenzen entwickeln \u2013 Perspektiven er\u00f6ffnen\u201c hat die KVA Regionalprojekte ins Leben gerufen. In den Regionalprojekten kommt die KVA in die St\u00e4dte und Gemeinden um f\u00fcr die Teilnehmerinnen und Teilnehmer L\u00f6sungen vor Ort zu erm\u00f6glichen, damit sie wieder auf dem Arbeitsmarkt Fu\u00df fassen. Arbeitgeber die Personalbedarf haben k\u00f6nnen sich gerne an den Arbeitgeberservice der KVA wenden um L\u00f6sungen f\u00fcr ihr jeweiliges Personalproblem zu finden.<\/p>\n<p>Der anschlie\u00dfende Fachvortrag des renommierten Inspirationscoaches David Kadel zur Fragestellung \u201eWie kann man Menschen wachr\u00fctteln, deren Begeisterung und Leidenschaft f\u00fcr Leben und Job komplett eingeschlafen ist\u201c erfasste genau den Kern der Projektzielsetzung.<\/p>\n<p>Mit vielen Sinnbildern und erfrischenden Vergleichen zu der Welt des Sportes, in der Kadel beheimatet ist, f\u00fchrte er durch den weiteren Abend. Hier beruft er sich mit seinem Programm unter anderem auf den Erfolgstrainer J\u00fcrgen Klopp und dessen anschauliches \u201e4D Modell\u201c (Demut, Dienen, Dankbarkeit, Durchhalteverm\u00f6gen). Diese Tugenden seien f\u00fcr eine erfolgreiche Arbeit mit Menschen unabdingbar.<\/p>\n<p>\u201eDie Situation Langzeitarbeitsloser und von Burn-Out betroffenen Mitarbeitern ist vergleichbar mit einem sicheren Hafen, in dem das Boot schon so lange unver\u00e4ndert festliegt, dass sein fr\u00fcheres Ziel \u2013ein fernes Inselparadies \u2013 l\u00e4ngst in Vergessenheit geraten ist\u201c, so das Bild von Kadel. Jetzt gehe es darum, sich dieses vergessenen Ziels zu erinnern und dadurch die n\u00f6tige Inspiration zu finden, um sich wieder auf die Reise durch das Leben zu begeben.<\/p>\n<p>Daf\u00fcr sei es wichtig, die Menschen im Herzen zu ber\u00fchren, damit sie f\u00fcr eine Sache \u201ebrennen\u201c \u2013 gem\u00e4\u00df dem Zitat von Antoine de Saint-Exupery: \u201eWenn Du ein Schiff bauen willst, dann trommle nicht M\u00e4nner zusammen um Holz zu beschaffen, Aufgaben zu vergeben und die Arbeit einzuteilen, sondern lehre die M\u00e4nner die Sehnsucht nach dem weiten, endlosen Meer.\u201c<\/p>\n","protected":false},"excerpt":{"rendered":"<div class=\"tmnf_excerpt\"><p>Die j\u00e4hrliche Arbeitgeberveranstaltung der KVA Vogelsbergkreis \u2013 Kommunales Jobcenter im G\u00fcterbahnhof Alsfeld war gut besucht: Mehr als 190 Besucher h\u00f6rten dem Inspirationscoach David Kadel zu, sein Thema: \u201eWie kann man Menschen wachr\u00fctteln, deren Begeisterung und Leidenschaft f\u00fcr Leben und Job komplett eingeschlafen ist?\u201c Landrat Manfred G\u00f6rig blickte in seiner Er\u00f6ffnungsrede auf die letzten Jahre zur\u00fcck &hellip;<\/p>\n<\/div>","protected":false},"author":1,"featured_media":167606,"comment_status":"closed","ping_status":"closed","sticky":false,"template":"","format":"standard","meta":{"footnotes":""},"categories":[1],"tags":[],"class_list":["post-167603","post","type-post","status-publish","format-standard","has-post-thumbnail","hentry","category-startseite"],"_links":{"self":[{"href":"https:\/\/www.fuldaernachrichten.de\/index.php?rest_route=\/wp\/v2\/posts\/167603","targetHints":{"allow":["GET"]}}],"collection":[{"href":"https:\/\/www.fuldaernachrichten.de\/index.php?rest_route=\/wp\/v2\/posts"}],"about":[{"href":"https:\/\/www.fuldaernachrichten.de\/index.php?rest_route=\/wp\/v2\/types\/post"}],"author":[{"embeddable":true,"href":"https:\/\/www.fuldaernachrichten.de\/index.php?rest_route=\/wp\/v2\/users\/1"}],"replies":[{"embeddable":true,"href":"https:\/\/www.fuldaernachrichten.de\/index.php?rest_route=%2Fwp%2Fv2%2Fcomments&post=167603"}],"version-history":[{"count":1,"href":"https:\/\/www.fuldaernachrichten.de\/index.php?rest_route=\/wp\/v2\/posts\/167603\/revisions"}],"predecessor-version":[{"id":167608,"href":"https:\/\/www.fuldaernachrichten.de\/index.php?rest_route=\/wp\/v2\/posts\/167603\/revisions\/167608"}],"wp:featuredmedia":[{"embeddable":true,"href":"https:\/\/www.fuldaernachrichten.de\/index.php?rest_route=\/wp\/v2\/media\/167606"}],"wp:attachment":[{"href":"https:\/\/www.fuldaernachrichten.de\/index.php?rest_route=%2Fwp%2Fv2%2Fmedia&parent=167603"}],"wp:term":[{"taxonomy":"category","embeddable":true,"href":"https:\/\/www.fuldaernachrichten.de\/index.php?rest_route=%2Fwp%2Fv2%2Fcategories&post=167603"},{"taxonomy":"post_tag","embeddable":true,"href":"https:\/\/www.fuldaernachrichten.de\/index.php?rest_route=%2Fwp%2Fv2%2Ftags&post=167603"}],"curies":[{"name":"wp","href":"https:\/\/api.w.org\/{rel}","templated":true}]}}