{"id":166971,"date":"2017-08-30T07:34:19","date_gmt":"2017-08-30T05:34:19","guid":{"rendered":"http:\/\/www.fuldaer-nachrichten.de\/?p=166971"},"modified":"2017-08-30T07:34:19","modified_gmt":"2017-08-30T05:34:19","slug":"kammermusik-fuer-oboe-und-harfe-in-der-kapelle-des-vonderau-museums","status":"publish","type":"post","link":"https:\/\/www.fuldaernachrichten.de\/?p=166971","title":{"rendered":"Kammermusik f\u00fcr Oboe und Harfe in der Kapelle des Vonderau-Museums"},"content":{"rendered":"<p>Am Sonntag, 10. September 2017 um 18.00 Uhr veranstaltet das Kulturamt der Stadt Fulda in der Kapelle des Vonderau Museums, ein Kammerkonzert mit dem Duo Pasculli  (Silke Augustinski, Oboe und Anna-Maria Frankenberger, Harfe). <\/p>\n<p>In ihrem neuen Programm \u00e2\u20ac\u02dcKontraste\u00e2\u20ac\u2122 setzen die Musikerinnen reizvolle Akzente sowohl in instrumentaler als auch in kompositorischer Hinsicht und \u00fcberraschen mit klangvollen Duo- und Solowerken des 17.\/18. und 20.\/21. Jahrhunderts in unterschiedlichen Gegen\u00fcberstellungen. Dabei erklingen neben Werken ber\u00fchmter Barockkomponisten zeitgen\u00f6ssische Kompositionen und eine dem Duo Pasculli gewidmete Urauff\u00fchrung.<\/p>\n<p>Karten zu diesem Konzert sind im Vorverkauf in der Gesch\u00e4ftsstelle der Fuldaer Zeitung (Peterstor) erh\u00e4ltlich (\u00e2\u201a\u00ac 13, erm\u00e4\u00dfigt \u00e2\u201a\u00ac 10), sowie an der Abendkasse (\u00e2\u201a\u00ac 16, erm\u00e4\u00dfigt \u00e2\u201a\u00ac 13).<\/p>\n","protected":false},"excerpt":{"rendered":"<div class=\"tmnf_excerpt\"><p>Am Sonntag, 10. September 2017 um 18.00 Uhr veranstaltet das Kulturamt der Stadt Fulda in der Kapelle des Vonderau Museums, ein Kammerkonzert mit dem Duo Pasculli (Silke Augustinski, Oboe und Anna-Maria Frankenberger, Harfe). In ihrem neuen Programm \u00e2\u20ac\u02dcKontraste\u00e2\u20ac\u2122 setzen die Musikerinnen reizvolle Akzente sowohl in instrumentaler als auch in kompositorischer Hinsicht und \u00fcberraschen mit klangvollen &hellip;<\/p>\n<\/div>","protected":false},"author":1,"featured_media":166982,"comment_status":"closed","ping_status":"closed","sticky":false,"template":"","format":"standard","meta":{"footnotes":""},"categories":[1],"tags":[],"class_list":["post-166971","post","type-post","status-publish","format-standard","has-post-thumbnail","hentry","category-startseite"],"_links":{"self":[{"href":"https:\/\/www.fuldaernachrichten.de\/index.php?rest_route=\/wp\/v2\/posts\/166971","targetHints":{"allow":["GET"]}}],"collection":[{"href":"https:\/\/www.fuldaernachrichten.de\/index.php?rest_route=\/wp\/v2\/posts"}],"about":[{"href":"https:\/\/www.fuldaernachrichten.de\/index.php?rest_route=\/wp\/v2\/types\/post"}],"author":[{"embeddable":true,"href":"https:\/\/www.fuldaernachrichten.de\/index.php?rest_route=\/wp\/v2\/users\/1"}],"replies":[{"embeddable":true,"href":"https:\/\/www.fuldaernachrichten.de\/index.php?rest_route=%2Fwp%2Fv2%2Fcomments&post=166971"}],"version-history":[{"count":1,"href":"https:\/\/www.fuldaernachrichten.de\/index.php?rest_route=\/wp\/v2\/posts\/166971\/revisions"}],"predecessor-version":[{"id":166983,"href":"https:\/\/www.fuldaernachrichten.de\/index.php?rest_route=\/wp\/v2\/posts\/166971\/revisions\/166983"}],"wp:featuredmedia":[{"embeddable":true,"href":"https:\/\/www.fuldaernachrichten.de\/index.php?rest_route=\/wp\/v2\/media\/166982"}],"wp:attachment":[{"href":"https:\/\/www.fuldaernachrichten.de\/index.php?rest_route=%2Fwp%2Fv2%2Fmedia&parent=166971"}],"wp:term":[{"taxonomy":"category","embeddable":true,"href":"https:\/\/www.fuldaernachrichten.de\/index.php?rest_route=%2Fwp%2Fv2%2Fcategories&post=166971"},{"taxonomy":"post_tag","embeddable":true,"href":"https:\/\/www.fuldaernachrichten.de\/index.php?rest_route=%2Fwp%2Fv2%2Ftags&post=166971"}],"curies":[{"name":"wp","href":"https:\/\/api.w.org\/{rel}","templated":true}]}}