{"id":166966,"date":"2017-08-30T07:35:35","date_gmt":"2017-08-30T05:35:35","guid":{"rendered":"http:\/\/www.fuldaer-nachrichten.de\/?p=166966"},"modified":"2017-08-30T07:35:35","modified_gmt":"2017-08-30T05:35:35","slug":"macht-und-pracht-tag-des-offenen-denkmals-und-landpartie-in-den-20er-jahren-auf-schloss-buedingen-am-10-september-2017","status":"publish","type":"post","link":"https:\/\/www.fuldaernachrichten.de\/?p=166966","title":{"rendered":"\u201c Macht und Pracht\u201c\u2013 Tag des offenen Denkmals und Landpartie in den 20er Jahren auf Schloss B\u00fcdingen am 10. September 2017"},"content":{"rendered":"<p><a href=\"http:\/\/www.fuldaer-nachrichten.de\/wp-content\/uploads\/2017\/08\/IMG_2966.jpg\"><img decoding=\"async\" src=\"http:\/\/www.fuldaer-nachrichten.de\/wp-content\/uploads\/2017\/08\/IMG_2966-265x177.jpg\" alt=\"\" width=\"265\" height=\"177\" class=\"alignleft size-thumbnail wp-image-166988\" srcset=\"https:\/\/www.fuldaernachrichten.de\/wp-content\/uploads\/2017\/08\/IMG_2966-265x177.jpg 265w, https:\/\/www.fuldaernachrichten.de\/wp-content\/uploads\/2017\/08\/IMG_2966-768x512.jpg 768w, https:\/\/www.fuldaernachrichten.de\/wp-content\/uploads\/2017\/08\/IMG_2966-600x400.jpg 600w, https:\/\/www.fuldaernachrichten.de\/wp-content\/uploads\/2017\/08\/IMG_2966.jpg 900w\" sizes=\"(max-width: 265px) 100vw, 265px\" \/><\/a>Im malerischen Sp\u00e4tsommer lohnt sich am Sonntag ein Besuch in der historischen Altstadt.<br \/>\nAuf Schloss B\u00fcdingen genie\u00dft man ein umfangreiches Rahmenprogramm ganz im Stil der goldenen Zwanziger Jahre und entdeckt die sch\u00f6nsten Anregungen von rund 150 individuellen Ausstellern aus dem In- und Ausland. Man l\u00e4sst sich begeistern von der Vielfalt &#038; Auswahl an sch\u00f6nen Dingen: von selbstgemachten und nachhaltigen Produkten, \u00fcber Pflanzen &#038; Blumen, besonderen M\u00f6belkreationen, norddeutsche K\u00f6stlichkeiten, sch\u00f6nster Mode, herbstliche Accessoires bis zu einmaligen Einzelst\u00fccken. Ge\u00f6ffnet von 10 \u2013 19 Uhr, Eintritt: 10,-\u00e2\u201a\u00ac<\/p>\n<p>Schlendert man danach durch die Altstadt, sind f\u00fcr die Besucher zum Tag des offenen Denkmals verschiedene historische Geb\u00e4ude ge\u00f6ffnet. Das Motto \u201eMacht und Pracht\u201c &#8211;  zeigt auf, wie wichtig es ist Denkm\u00e4ler in Zusammenarbeit zu erhalten. <\/p>\n<p>Das B\u00fcrgerforum Steinernes Haus und die B\u00fcdinger Tourist-Information \u00f6ffnen zwischen 11 und 17  Uhr die Pforten des Roten Turmes, des Halbturms am Meliorsdamm sowie des gro\u00dfen Bollwerks und des Hexenturms.  Auch der s\u00fcdliche Halbturm am Meliorsdamm ist begehbar. <\/p>\n<p>Die 2. B\u00fcdinger Froschk\u00f6nigin Celine wird ab 12 Uhr in den verschiedenen historischen Geb\u00e4uden, die an diesem Tag f\u00fcr die \u00d6ffentlichkeit zug\u00e4ngig sind, und der Landpartie einen Besuch abstatten.<\/p>\n<p>Zus\u00e4tzlich zu den Einblicken in die genannten Denkm\u00e4ler, wird um 14:30 Uhr eine Stadtf\u00fchrung zum Sonderthema \u201e500 Jahre Festungskunst\u201c\u2013 Bollwerk, Hexenturm &#038; Festungsgraben\u201c angeboten.<\/p>\n<p>Der 1511 mit dem Tode des Grafen Ludwig zu Ende gehende Festungsbau war vordergr\u00fcndig eine herrschaftliche Ma\u00dfnahme, doch er hat sich auf das Leben der Bewohner nachhaltig ausgewirkt. Denn die B\u00fcrger waren nun in noch st\u00e4rkerem Ma\u00dfe am Unterhalt der Wehranlagen beteiligt, sie hatten Pf\u00f6rtner und W\u00e4chter zu stellen und wurden in Konfliktzeiten zur Verteidigung aufgeboten. Diesen und anderen Fragen soll bei einem Rundgang durch die Stadt nachgegangen werden. Karten gibt es in der Tourist-Information oder unter 06042 96370.<\/p>\n<p>Dar\u00fcber hinaus sind alle B\u00fcdinger Museen ge\u00f6ffnet. Auch im B\u00fcdinger Land sind an diesem Tag verschiedene historische Geb\u00e4ude zug\u00e4nglich. Der Verein Freunde des Herrnhaag e.V. l\u00e4dt ein zum gro\u00dfen Tr\u00f6del- und B\u00fcchermarkt, zu Kaffee, selbstgebackenen Kuchen und Mittagstisch, zu  Herrnhaager Spezialit\u00e4ten und F\u00fchrungen auf dem Gel\u00e4nde des Herrnhaag.<\/p>\n","protected":false},"excerpt":{"rendered":"<div class=\"tmnf_excerpt\"><p>Im malerischen Sp\u00e4tsommer lohnt sich am Sonntag ein Besuch in der historischen Altstadt. Auf Schloss B\u00fcdingen genie\u00dft man ein umfangreiches Rahmenprogramm ganz im Stil der goldenen Zwanziger Jahre und entdeckt die sch\u00f6nsten Anregungen von rund 150 individuellen Ausstellern aus dem In- und Ausland. Man l\u00e4sst sich begeistern von der Vielfalt &#038; Auswahl an sch\u00f6nen Dingen: &hellip;<\/p>\n<\/div>","protected":false},"author":1,"featured_media":166987,"comment_status":"closed","ping_status":"closed","sticky":false,"template":"","format":"standard","meta":{"footnotes":""},"categories":[1],"tags":[],"class_list":["post-166966","post","type-post","status-publish","format-standard","has-post-thumbnail","hentry","category-startseite"],"_links":{"self":[{"href":"https:\/\/www.fuldaernachrichten.de\/index.php?rest_route=\/wp\/v2\/posts\/166966","targetHints":{"allow":["GET"]}}],"collection":[{"href":"https:\/\/www.fuldaernachrichten.de\/index.php?rest_route=\/wp\/v2\/posts"}],"about":[{"href":"https:\/\/www.fuldaernachrichten.de\/index.php?rest_route=\/wp\/v2\/types\/post"}],"author":[{"embeddable":true,"href":"https:\/\/www.fuldaernachrichten.de\/index.php?rest_route=\/wp\/v2\/users\/1"}],"replies":[{"embeddable":true,"href":"https:\/\/www.fuldaernachrichten.de\/index.php?rest_route=%2Fwp%2Fv2%2Fcomments&post=166966"}],"version-history":[{"count":1,"href":"https:\/\/www.fuldaernachrichten.de\/index.php?rest_route=\/wp\/v2\/posts\/166966\/revisions"}],"predecessor-version":[{"id":166989,"href":"https:\/\/www.fuldaernachrichten.de\/index.php?rest_route=\/wp\/v2\/posts\/166966\/revisions\/166989"}],"wp:featuredmedia":[{"embeddable":true,"href":"https:\/\/www.fuldaernachrichten.de\/index.php?rest_route=\/wp\/v2\/media\/166987"}],"wp:attachment":[{"href":"https:\/\/www.fuldaernachrichten.de\/index.php?rest_route=%2Fwp%2Fv2%2Fmedia&parent=166966"}],"wp:term":[{"taxonomy":"category","embeddable":true,"href":"https:\/\/www.fuldaernachrichten.de\/index.php?rest_route=%2Fwp%2Fv2%2Fcategories&post=166966"},{"taxonomy":"post_tag","embeddable":true,"href":"https:\/\/www.fuldaernachrichten.de\/index.php?rest_route=%2Fwp%2Fv2%2Ftags&post=166966"}],"curies":[{"name":"wp","href":"https:\/\/api.w.org\/{rel}","templated":true}]}}