{"id":166964,"date":"2017-08-30T07:24:04","date_gmt":"2017-08-30T05:24:04","guid":{"rendered":"http:\/\/www.fuldaer-nachrichten.de\/?p=166964"},"modified":"2017-08-30T07:24:04","modified_gmt":"2017-08-30T05:24:04","slug":"patientenverfuegung-vorsorgevollmacht-betreuungsverfuegung-informationsveranstaltung-von-mediana-mobil-in-huenfeld","status":"publish","type":"post","link":"https:\/\/www.fuldaernachrichten.de\/?p=166964","title":{"rendered":"Patientenverf\u00fcgung, Vorsorgevollmacht, Betreuungsverf\u00fcgung Informationsveranstaltung von Mediana Mobil in H\u00fcnfeld"},"content":{"rendered":"<p>In der Serie der Informationsveranstaltungen von Mediana Mobil geht es am Mittwoch, den 06.09.2017 um 19.00 Uhr im Mediana Betreuten Wohnen, Wiesenfelder Weg 2+4, in H\u00fcnfeld um die Themen Patientenverf\u00fcgung, Vorsorgevollmacht und Betreuungsverf\u00fcgung.<\/p>\n<p>Frau Ingrid Michel, Gesch\u00e4ftsf\u00fchrerin Sozialverband VdK, wird an diesem Abend in ihrem Vortrag die Bestimmung der einzelnen Dokumente verst\u00e4ndlich erkl\u00e4ren und im Anschluss  f\u00fcr Fragen zur Verf\u00fcgung stehen.<br \/>\nTelefonische Anmeldung erbeten unter 0661-480299100.<\/p>\n","protected":false},"excerpt":{"rendered":"<div class=\"tmnf_excerpt\"><p>In der Serie der Informationsveranstaltungen von Mediana Mobil geht es am Mittwoch, den 06.09.2017 um 19.00 Uhr im Mediana Betreuten Wohnen, Wiesenfelder Weg 2+4, in H\u00fcnfeld um die Themen Patientenverf\u00fcgung, Vorsorgevollmacht und Betreuungsverf\u00fcgung. Frau Ingrid Michel, Gesch\u00e4ftsf\u00fchrerin Sozialverband VdK, wird an diesem Abend in ihrem Vortrag die Bestimmung der einzelnen Dokumente verst\u00e4ndlich erkl\u00e4ren und im &hellip;<\/p>\n<\/div>","protected":false},"author":1,"featured_media":0,"comment_status":"closed","ping_status":"closed","sticky":false,"template":"","format":"standard","meta":{"footnotes":""},"categories":[1],"tags":[],"class_list":["post-166964","post","type-post","status-publish","format-standard","hentry","category-startseite"],"_links":{"self":[{"href":"https:\/\/www.fuldaernachrichten.de\/index.php?rest_route=\/wp\/v2\/posts\/166964","targetHints":{"allow":["GET"]}}],"collection":[{"href":"https:\/\/www.fuldaernachrichten.de\/index.php?rest_route=\/wp\/v2\/posts"}],"about":[{"href":"https:\/\/www.fuldaernachrichten.de\/index.php?rest_route=\/wp\/v2\/types\/post"}],"author":[{"embeddable":true,"href":"https:\/\/www.fuldaernachrichten.de\/index.php?rest_route=\/wp\/v2\/users\/1"}],"replies":[{"embeddable":true,"href":"https:\/\/www.fuldaernachrichten.de\/index.php?rest_route=%2Fwp%2Fv2%2Fcomments&post=166964"}],"version-history":[{"count":1,"href":"https:\/\/www.fuldaernachrichten.de\/index.php?rest_route=\/wp\/v2\/posts\/166964\/revisions"}],"predecessor-version":[{"id":166974,"href":"https:\/\/www.fuldaernachrichten.de\/index.php?rest_route=\/wp\/v2\/posts\/166964\/revisions\/166974"}],"wp:attachment":[{"href":"https:\/\/www.fuldaernachrichten.de\/index.php?rest_route=%2Fwp%2Fv2%2Fmedia&parent=166964"}],"wp:term":[{"taxonomy":"category","embeddable":true,"href":"https:\/\/www.fuldaernachrichten.de\/index.php?rest_route=%2Fwp%2Fv2%2Fcategories&post=166964"},{"taxonomy":"post_tag","embeddable":true,"href":"https:\/\/www.fuldaernachrichten.de\/index.php?rest_route=%2Fwp%2Fv2%2Ftags&post=166964"}],"curies":[{"name":"wp","href":"https:\/\/api.w.org\/{rel}","templated":true}]}}