{"id":166954,"date":"2017-08-30T07:22:22","date_gmt":"2017-08-30T05:22:22","guid":{"rendered":"http:\/\/www.fuldaer-nachrichten.de\/?p=166954"},"modified":"2017-08-30T07:22:22","modified_gmt":"2017-08-30T05:22:22","slug":"sommerfest-in-der-cma-tagesstruktur","status":"publish","type":"post","link":"https:\/\/www.fuldaernachrichten.de\/?p=166954","title":{"rendered":"Sommerfest in der CMA &#8211; Tagesstruktur"},"content":{"rendered":"<p>Ein sonniger Tag machte es m\u00f6glich, dass die Besucher der Tagesstruktur CMA des Caritasverbandes f\u00fcr die Regionen Fulda und Geisa Tische und B\u00e4nke im Freien aufstellen konnten. Gemeinsam hatten die Tagesst\u00e4ttenbesucher mit ihren Betreuerinnen und Betreuern das Fest vorbereitet. Teamleiterin Susanne Saradj bedankte sich bei den Tagesst\u00e4ttenbesuchern f\u00fcr ihr Engagement. Neben der t\u00e4glichen Arbeit sei es auch wichtig miteinander zu feiern und damit das Gemeinschaftsgef\u00fchl zu pflegen. Dazu geh\u00f6rten auch die unter Anleitung von Anne Vogel zusammengestellten Lieder, die von Marion Hohmann mit Gitarre begleitet wurden. Vorgestellt wurde das von der Arbeitstherapie unter Anleitung des ehrenamtlichen Peter Kielenz hergerichtete neue Hochbeet, in dem Gew\u00fcrz- und Suppenkr\u00e4uter gezogen werden. Diese kommen bei den Mahlzeiten zum Einsatz, denn die Tagesstruktur versorgt sich t\u00e4glich selbst, so auch beim Sommerfest.<\/p>\n<p>Im Auftrag der Tagesst\u00e4ttenbesucher verabschiedete Michael M\u00f6ller Diplom \u2013 Sozialp\u00e4dagogin Claudia Hartung, die zur\u00fcck in das \u201eBetreute Wohnen\u201c f\u00fcr Menschen mit psychischen Auff\u00e4lligkeiten geht. Ihre Stelle \u00fcbernimmt Diplom &#8211; Sozialp\u00e4dagoge David R\u00fcbsamen, der auch in der Caritas \u2013 Fl\u00fcchtlingshilfe t\u00e4tig ist. Claudia Hartung erhielt ein Abschiedsgeschenk und David R\u00fcbsamen wurde mit herzlichem Beifall begr\u00fc\u00dft. Selbstgebastelte Geburtstagsgeschenke erhielten die beiden ehrenamtlichen Mitarbeiter Hans \u2013 J\u00fcrgen G\u00e4rtner, Horas und Peter Kielenz, Rommerz. \u00dcber  Ehrenamtliche freue man sich sehr, denn sie br\u00e4chten nicht nur neue Ideen ein, sondern seien durch Fahrdienste und Freizeitarbeit eine echte Bereicherung, so Susanne Saradj. Erg\u00e4nzend zu den Besch\u00e4ftigungsangeboten in der CMA \u2013 Tagesstruktur sollen zum Jahreskreislauf passende Feste gefeiert werden. <\/p>\n","protected":false},"excerpt":{"rendered":"<div class=\"tmnf_excerpt\"><p>Ein sonniger Tag machte es m\u00f6glich, dass die Besucher der Tagesstruktur CMA des Caritasverbandes f\u00fcr die Regionen Fulda und Geisa Tische und B\u00e4nke im Freien aufstellen konnten. Gemeinsam hatten die Tagesst\u00e4ttenbesucher mit ihren Betreuerinnen und Betreuern das Fest vorbereitet. Teamleiterin Susanne Saradj bedankte sich bei den Tagesst\u00e4ttenbesuchern f\u00fcr ihr Engagement. Neben der t\u00e4glichen Arbeit sei &hellip;<\/p>\n<\/div>","protected":false},"author":1,"featured_media":0,"comment_status":"closed","ping_status":"closed","sticky":false,"template":"","format":"standard","meta":{"footnotes":""},"categories":[1],"tags":[],"class_list":["post-166954","post","type-post","status-publish","format-standard","hentry","category-startseite"],"_links":{"self":[{"href":"https:\/\/www.fuldaernachrichten.de\/index.php?rest_route=\/wp\/v2\/posts\/166954","targetHints":{"allow":["GET"]}}],"collection":[{"href":"https:\/\/www.fuldaernachrichten.de\/index.php?rest_route=\/wp\/v2\/posts"}],"about":[{"href":"https:\/\/www.fuldaernachrichten.de\/index.php?rest_route=\/wp\/v2\/types\/post"}],"author":[{"embeddable":true,"href":"https:\/\/www.fuldaernachrichten.de\/index.php?rest_route=\/wp\/v2\/users\/1"}],"replies":[{"embeddable":true,"href":"https:\/\/www.fuldaernachrichten.de\/index.php?rest_route=%2Fwp%2Fv2%2Fcomments&post=166954"}],"version-history":[{"count":1,"href":"https:\/\/www.fuldaernachrichten.de\/index.php?rest_route=\/wp\/v2\/posts\/166954\/revisions"}],"predecessor-version":[{"id":166965,"href":"https:\/\/www.fuldaernachrichten.de\/index.php?rest_route=\/wp\/v2\/posts\/166954\/revisions\/166965"}],"wp:attachment":[{"href":"https:\/\/www.fuldaernachrichten.de\/index.php?rest_route=%2Fwp%2Fv2%2Fmedia&parent=166954"}],"wp:term":[{"taxonomy":"category","embeddable":true,"href":"https:\/\/www.fuldaernachrichten.de\/index.php?rest_route=%2Fwp%2Fv2%2Fcategories&post=166954"},{"taxonomy":"post_tag","embeddable":true,"href":"https:\/\/www.fuldaernachrichten.de\/index.php?rest_route=%2Fwp%2Fv2%2Ftags&post=166954"}],"curies":[{"name":"wp","href":"https:\/\/api.w.org\/{rel}","templated":true}]}}