{"id":166952,"date":"2017-08-30T07:20:39","date_gmt":"2017-08-30T05:20:39","guid":{"rendered":"http:\/\/www.fuldaer-nachrichten.de\/?p=166952"},"modified":"2017-08-30T07:20:39","modified_gmt":"2017-08-30T05:20:39","slug":"angebot-der-beratungsstelle-fuer-eltern-kinder-und-jugendliche-training-fuer-eltern-die-sich-in-trennung-befinden","status":"publish","type":"post","link":"https:\/\/www.fuldaernachrichten.de\/?p=166952","title":{"rendered":"Angebot der Beratungsstelle f\u00fcr Eltern, Kinder und Jugendliche &#8211; Training f\u00fcr Eltern, die sich in Trennung befinden"},"content":{"rendered":"<p>Wenn Eltern sich trennen, \u00e4ndert das vieles \u2013 f\u00fcr die Erwachsenen, aber vor allem f\u00fcr die Kinder, die in einer solchen Belastungszeit besondere Aufmerksamkeit und Zuwendung brauchen. Eltern sollten ihren Kindern deshalb zur Seite stehen und ihnen durch diese Zeit helfen.<\/p>\n<p>Das ist nicht immer einfach, wenn Eltern selbst schwierige Gef\u00fchle zu bew\u00e4ltigen haben. Streitpunkte wie zum Beispiel Finanzen, der Kontakt zu den Kindern oder die Aufteilung der Erziehungsarbeit m\u00fcssen gel\u00f6st werden. Anhaltende Konflikte fordern Kraft, Zeit und Nerven. Und dies geht h\u00e4ufig zu Lasten des eigenen Wohlbefindens, aber auch zu Lasten der betroffenen Kinder. Sie k\u00f6nnen zu Leidtragenden des Konflikts ihrer Eltern werden, besonders dann, wenn der \u201eKampf um die Kinder\u201c mit gerichtlichen Auseinandersetzungen einhergeht.<\/p>\n<p>Wie Eltern ihrem Kind in einer solchen Stresssituation Halt geben k\u00f6nnen, das m\u00f6chte die Beratungsstelle f\u00fcr Eltern, Kinder und Jugendliche mit ihrem Kurs \u201eKinder im Blick\u201c vermitteln. In sieben Sitzungen zu je drei Stunden erproben Eltern, wie sie mit der Krisensituation am besten f\u00fcr alle Beteiligten umgehen. Spannungen sollen dabei vermieden und Ideen \u00fcber eine gemeinsame Elternschaft nach der Trennung entwickelt werden. Es geht in dem Elterntraining auch darum, zu verstehen, was das eigene Kind in einer solchen Situation braucht, wie man die Beziehung zu ihm pflegen und st\u00e4rken und wie man seine Fragen zur Trennung verstehen und beantworten kann.<\/p>\n<p>Es werden zwei parallel laufende Kursreihen angeboten, damit beide Elternteile auch getrennt voneinander teilnehmen k\u00f6nnen. Eine der Kursreihen beginnt am Montagabend, 18. September, von 18 bis 21 Uhr, die andere am Donnerstagmorgen, 21. September, von 9 bis 12 Uhr in der Beratungsstelle, Marienstra\u00dfe 5, 36039 Fulda. Die Kosten belaufen sich auf 20 Euro f\u00fcr die gesamte Kursreihe. Weitere Informationen und Anmeldung unter Telefon (0661)9015780.<\/p>\n","protected":false},"excerpt":{"rendered":"<div class=\"tmnf_excerpt\"><p>Wenn Eltern sich trennen, \u00e4ndert das vieles \u2013 f\u00fcr die Erwachsenen, aber vor allem f\u00fcr die Kinder, die in einer solchen Belastungszeit besondere Aufmerksamkeit und Zuwendung brauchen. Eltern sollten ihren Kindern deshalb zur Seite stehen und ihnen durch diese Zeit helfen. Das ist nicht immer einfach, wenn Eltern selbst schwierige Gef\u00fchle zu bew\u00e4ltigen haben. Streitpunkte &hellip;<\/p>\n<\/div>","protected":false},"author":1,"featured_media":0,"comment_status":"closed","ping_status":"closed","sticky":false,"template":"","format":"standard","meta":{"footnotes":""},"categories":[1],"tags":[],"class_list":["post-166952","post","type-post","status-publish","format-standard","hentry","category-startseite"],"_links":{"self":[{"href":"https:\/\/www.fuldaernachrichten.de\/index.php?rest_route=\/wp\/v2\/posts\/166952","targetHints":{"allow":["GET"]}}],"collection":[{"href":"https:\/\/www.fuldaernachrichten.de\/index.php?rest_route=\/wp\/v2\/posts"}],"about":[{"href":"https:\/\/www.fuldaernachrichten.de\/index.php?rest_route=\/wp\/v2\/types\/post"}],"author":[{"embeddable":true,"href":"https:\/\/www.fuldaernachrichten.de\/index.php?rest_route=\/wp\/v2\/users\/1"}],"replies":[{"embeddable":true,"href":"https:\/\/www.fuldaernachrichten.de\/index.php?rest_route=%2Fwp%2Fv2%2Fcomments&post=166952"}],"version-history":[{"count":1,"href":"https:\/\/www.fuldaernachrichten.de\/index.php?rest_route=\/wp\/v2\/posts\/166952\/revisions"}],"predecessor-version":[{"id":166959,"href":"https:\/\/www.fuldaernachrichten.de\/index.php?rest_route=\/wp\/v2\/posts\/166952\/revisions\/166959"}],"wp:attachment":[{"href":"https:\/\/www.fuldaernachrichten.de\/index.php?rest_route=%2Fwp%2Fv2%2Fmedia&parent=166952"}],"wp:term":[{"taxonomy":"category","embeddable":true,"href":"https:\/\/www.fuldaernachrichten.de\/index.php?rest_route=%2Fwp%2Fv2%2Fcategories&post=166952"},{"taxonomy":"post_tag","embeddable":true,"href":"https:\/\/www.fuldaernachrichten.de\/index.php?rest_route=%2Fwp%2Fv2%2Ftags&post=166952"}],"curies":[{"name":"wp","href":"https:\/\/api.w.org\/{rel}","templated":true}]}}