{"id":166926,"date":"2017-08-30T07:16:29","date_gmt":"2017-08-30T05:16:29","guid":{"rendered":"http:\/\/www.fuldaer-nachrichten.de\/?p=166926"},"modified":"2017-08-30T07:16:29","modified_gmt":"2017-08-30T05:16:29","slug":"musicalsommer-fulda-wieder-mit-hervorragender-bilanz","status":"publish","type":"post","link":"https:\/\/www.fuldaernachrichten.de\/?p=166926","title":{"rendered":"Musicalsommer Fulda wieder mit hervorragender Bilanz"},"content":{"rendered":"<p>Nachdem die Welt-Urauff\u00fchrung von \u201cDer Medicus \u2013 Das Musicals\u00e2\u20ac\u009d im vergangenen Jahr mit 103 ausverkauften Shows ein gro\u00dfer Erfolg war, geht nun die zweite Spielzeit zu Ende. Auch im Jahr 2017 waren nahezu alle Shows komplett ausverkauft. Mit 60.876 Zuschauern konnte eine Auslastung von 99,9% erzielt werden. <\/p>\n<p>Besonders erfreulich dabei die hervorragenden Zufriedenheitswerte, die \u201cDer Medicus \u2013 Das Musical\u00e2\u20ac\u009d auf Deutschlands gr\u00f6\u00dfter Ticketplattform (eventim.de) erzielen konnte. So f\u00fchrt \u201cDer Medicus\u00e2\u20ac\u009d mit 4,9 von 5 m\u00f6glichen Sternen das Ranking der besten Musicals in Deutschland auf Position1 an. <\/p>\n<p>Die Verantwortlichen sehen die Ursache f\u00fcr den Erfolg des Musicalsommers Fulda in der Symbiose aus einer wundersch\u00f6nen Stadt, hervorragendem Hotel- und Restaurantangebot und ergreifenden Musicalauff\u00fchrungen.<br \/>\n\u201cWir sind gerade dabei unsere gro\u00dfe Zuschauerumfrage auszuwerten. Schon jetzt l\u00e4sst sich erkennen, wie enorm gro\u00df das Einzugsgebiet des Musicalsommers Fulda ist und wie viele Menschen extra in der Stadt \u00fcbernachten. Auch der Umsatz den die vielen zehntausend ausw\u00e4rtigen G\u00e4ste in der Stadt generieren ist gewaltig. Die empirischen Daten werden in K\u00fcrze ver\u00f6ffentlicht\u00e2\u20ac\u009d, erkl\u00e4rt Produzent Peter Scholz. <\/p>\n<p>Der Vorverkauf f\u00fcr den Musicalsommer Fulda 2018 l\u00e4uft bereits. Die Wochenendshows sind zum Teil jetzt schon ausgebucht. Mit \u201cDie P\u00e4pstin \u2013 Das Musical\u00e2\u20ac\u009d, der \u201cMedicus \u2013 Der Medicus\u00e2\u20ac\u009d und \u201cDie Schatzinsel \u2013 Das Musical\u00e2\u20ac\u009d stehen drei spotlight Klassiker auf dem Programm, die allesamt wieder in neuer Version gezeigt werden. <\/p>\n","protected":false},"excerpt":{"rendered":"<div class=\"tmnf_excerpt\"><p>Nachdem die Welt-Urauff\u00fchrung von \u201cDer Medicus \u2013 Das Musicals\u00e2\u20ac\u009d im vergangenen Jahr mit 103 ausverkauften Shows ein gro\u00dfer Erfolg war, geht nun die zweite Spielzeit zu Ende. Auch im Jahr 2017 waren nahezu alle Shows komplett ausverkauft. Mit 60.876 Zuschauern konnte eine Auslastung von 99,9% erzielt werden. Besonders erfreulich dabei die hervorragenden Zufriedenheitswerte, die \u201cDer &hellip;<\/p>\n<\/div>","protected":false},"author":1,"featured_media":166938,"comment_status":"closed","ping_status":"closed","sticky":false,"template":"","format":"standard","meta":{"footnotes":""},"categories":[1],"tags":[],"class_list":["post-166926","post","type-post","status-publish","format-standard","has-post-thumbnail","hentry","category-startseite"],"_links":{"self":[{"href":"https:\/\/www.fuldaernachrichten.de\/index.php?rest_route=\/wp\/v2\/posts\/166926","targetHints":{"allow":["GET"]}}],"collection":[{"href":"https:\/\/www.fuldaernachrichten.de\/index.php?rest_route=\/wp\/v2\/posts"}],"about":[{"href":"https:\/\/www.fuldaernachrichten.de\/index.php?rest_route=\/wp\/v2\/types\/post"}],"author":[{"embeddable":true,"href":"https:\/\/www.fuldaernachrichten.de\/index.php?rest_route=\/wp\/v2\/users\/1"}],"replies":[{"embeddable":true,"href":"https:\/\/www.fuldaernachrichten.de\/index.php?rest_route=%2Fwp%2Fv2%2Fcomments&post=166926"}],"version-history":[{"count":1,"href":"https:\/\/www.fuldaernachrichten.de\/index.php?rest_route=\/wp\/v2\/posts\/166926\/revisions"}],"predecessor-version":[{"id":166939,"href":"https:\/\/www.fuldaernachrichten.de\/index.php?rest_route=\/wp\/v2\/posts\/166926\/revisions\/166939"}],"wp:featuredmedia":[{"embeddable":true,"href":"https:\/\/www.fuldaernachrichten.de\/index.php?rest_route=\/wp\/v2\/media\/166938"}],"wp:attachment":[{"href":"https:\/\/www.fuldaernachrichten.de\/index.php?rest_route=%2Fwp%2Fv2%2Fmedia&parent=166926"}],"wp:term":[{"taxonomy":"category","embeddable":true,"href":"https:\/\/www.fuldaernachrichten.de\/index.php?rest_route=%2Fwp%2Fv2%2Fcategories&post=166926"},{"taxonomy":"post_tag","embeddable":true,"href":"https:\/\/www.fuldaernachrichten.de\/index.php?rest_route=%2Fwp%2Fv2%2Ftags&post=166926"}],"curies":[{"name":"wp","href":"https:\/\/api.w.org\/{rel}","templated":true}]}}