{"id":166917,"date":"2017-08-30T07:15:05","date_gmt":"2017-08-30T05:15:05","guid":{"rendered":"http:\/\/www.fuldaer-nachrichten.de\/?p=166917"},"modified":"2017-08-30T07:15:05","modified_gmt":"2017-08-30T05:15:05","slug":"raubzug-mit-stahlruestung-streitaxt-und-schwert-fuldaer-wikinger-auf-der-messe-gamescom-in-koeln","status":"publish","type":"post","link":"https:\/\/www.fuldaernachrichten.de\/?p=166917","title":{"rendered":"\u201eRaubzug\u201c mit Stahlr\u00fcstung, Streitaxt und Schwert  Fuldaer Wikinger auf der Messe \u201eGamescom\u201c in K\u00f6ln"},"content":{"rendered":"<p>Die Gamescom in K\u00f6ln gilt als weltweit gr\u00f6\u00dfte Messe f\u00fcr Unterhaltungselektronik wie Computer- und Videospiele \u2013 mehr als 900 Aussteller und 350.000 Besucher bev\u00f6lkerten vom 22. bis 26. August die Hallen der K\u00f6lnmesse. Wer die Veranstaltung besuchte, fand sich allerdings nicht ausschlie\u00dflich nur von kunterbunter High-Tech aus dem Jahr 2017 umgeben: Inmitten von Videogame-Pr\u00e4sentationen, eSport-Turnieren und lautstarken Verlosungsaktionen wanderte eine kleine Gruppe wild aussehender Nordm\u00e4nner durch die Hallen \u2013 einer davon der Petersberger Marco Boche, Event-Spezialist und Wikinger-Darsteller aus Leidenschaft, der zusammen mit seinen kriegerisch anmutenden Kollegen Werbung f\u00fcr das deutsche Computerspiel \u201eValnir Rok\u201c machte.<\/p>\n<p>\u201e\u00e2\u20ac\u0161Valnir Rok\u00e2\u20ac\u02dc ist ein Online-Rollenspiel, in dem es um Wikinger geht \u2013 da habe ich gut ins Konzept gepasst\u201c, erz\u00e4hlt Marco Boche, der vom Hersteller des Spiels gebucht und nach K\u00f6ln eingeladen worden war. \u201eUnsere Nordmann-Truppe ist den Besuchern und auch den Ausstellern auf der Gamescom von Anfang an aufgefallen \u2013 unwahrscheinlich viele Leute wollten Fotos mit uns. Daf\u00fcr gab es wohl im Wesentlichen zwei Gr\u00fcnde: Zum einen sind wir in sehr authentischer Gewandung aufgetreten, und zum anderen haben wir sehr, sehr viel Krawall gemacht\u201c, lacht Boche, der es mit seinen Wikinger-Kumpanen sogar auf eine der zentralen Showb\u00fchnen der Messe geschafft hat \u2013 zusammen mit \u201eSarazar\u201c, einem der bekanntesten deutschen YouTube-Stars.<\/p>\n","protected":false},"excerpt":{"rendered":"<div class=\"tmnf_excerpt\"><p>Die Gamescom in K\u00f6ln gilt als weltweit gr\u00f6\u00dfte Messe f\u00fcr Unterhaltungselektronik wie Computer- und Videospiele \u2013 mehr als 900 Aussteller und 350.000 Besucher bev\u00f6lkerten vom 22. bis 26. August die Hallen der K\u00f6lnmesse. Wer die Veranstaltung besuchte, fand sich allerdings nicht ausschlie\u00dflich nur von kunterbunter High-Tech aus dem Jahr 2017 umgeben: Inmitten von Videogame-Pr\u00e4sentationen, eSport-Turnieren &hellip;<\/p>\n<\/div>","protected":false},"author":1,"featured_media":166931,"comment_status":"closed","ping_status":"closed","sticky":false,"template":"","format":"gallery","meta":{"footnotes":""},"categories":[1],"tags":[],"class_list":["post-166917","post","type-post","status-publish","format-gallery","has-post-thumbnail","hentry","category-startseite","post_format-post-format-gallery"],"_links":{"self":[{"href":"https:\/\/www.fuldaernachrichten.de\/index.php?rest_route=\/wp\/v2\/posts\/166917","targetHints":{"allow":["GET"]}}],"collection":[{"href":"https:\/\/www.fuldaernachrichten.de\/index.php?rest_route=\/wp\/v2\/posts"}],"about":[{"href":"https:\/\/www.fuldaernachrichten.de\/index.php?rest_route=\/wp\/v2\/types\/post"}],"author":[{"embeddable":true,"href":"https:\/\/www.fuldaernachrichten.de\/index.php?rest_route=\/wp\/v2\/users\/1"}],"replies":[{"embeddable":true,"href":"https:\/\/www.fuldaernachrichten.de\/index.php?rest_route=%2Fwp%2Fv2%2Fcomments&post=166917"}],"version-history":[{"count":1,"href":"https:\/\/www.fuldaernachrichten.de\/index.php?rest_route=\/wp\/v2\/posts\/166917\/revisions"}],"predecessor-version":[{"id":166933,"href":"https:\/\/www.fuldaernachrichten.de\/index.php?rest_route=\/wp\/v2\/posts\/166917\/revisions\/166933"}],"wp:featuredmedia":[{"embeddable":true,"href":"https:\/\/www.fuldaernachrichten.de\/index.php?rest_route=\/wp\/v2\/media\/166931"}],"wp:attachment":[{"href":"https:\/\/www.fuldaernachrichten.de\/index.php?rest_route=%2Fwp%2Fv2%2Fmedia&parent=166917"}],"wp:term":[{"taxonomy":"category","embeddable":true,"href":"https:\/\/www.fuldaernachrichten.de\/index.php?rest_route=%2Fwp%2Fv2%2Fcategories&post=166917"},{"taxonomy":"post_tag","embeddable":true,"href":"https:\/\/www.fuldaernachrichten.de\/index.php?rest_route=%2Fwp%2Fv2%2Ftags&post=166917"}],"curies":[{"name":"wp","href":"https:\/\/api.w.org\/{rel}","templated":true}]}}