{"id":166903,"date":"2017-08-30T07:09:20","date_gmt":"2017-08-30T05:09:20","guid":{"rendered":"http:\/\/www.fuldaer-nachrichten.de\/?p=166903"},"modified":"2017-08-30T07:09:20","modified_gmt":"2017-08-30T05:09:20","slug":"interkulturelle-woche-2017-buntes-programm-macht-fuldas-vielfalt-erlebbar","status":"publish","type":"post","link":"https:\/\/www.fuldaernachrichten.de\/?p=166903","title":{"rendered":"Interkulturelle Woche 2017 &#8211; Buntes Programm macht Fuldas Vielfalt erlebbar"},"content":{"rendered":"<p>Die Interkulturelle Woche ist in Fulda mittlerweile zur Tradition geworden. Unter dem diesj\u00e4hrigen Motto der bundesweiten Aktion \u201eVielfalt verbindet\u201c hat die Stadt Fulda in Kooperation mit dem Ausl\u00e4nderbeirat und dank des Engagements von vielen Vereinen und Migrantenorganisationen ein buntes Programm auf die Beine gestellt.<\/p>\n<p>In Fulda sind Menschen aus \u00fcber 100 verschiedenen Nationen beheimatet. \u201eEigentlich kann man deswegen sagen, dass Fulda 52 interkulturelle Wochen im Jahr hat\u201c, sagt B\u00fcrgermeister und Sozialdezernent Dag Wehner. \u201eDie Aktionswoche gibt aber nochmal einen sch\u00f6nen Anlass, um Besonderheiten und Gemeinsamkeiten zu feiern.\u201c Ein wichtiger Motor dieses Prozesses sei die seit diesem Jahr deutlich gest\u00e4rkte Fachstelle Integration und Inklusion der Stadt, aber vor allem auch die Migrantenorganisationen, die sich in das Programm einbringen.<\/p>\n<p>Im Zeitraum vom 2. September bis 8. Oktober laufen \u00fcber das gesamte Stadtgebiet verteilt kulturelle, informative und gesellige Veranstaltungen. Unter anderem finden statt: eine Kunstausstellung, eine Podiumsdiskussion \u00fcber Menschen- und Fl\u00fcchtlingsrechte mit namenhaften Bundestagskandidaten, ein Schnupper-Arabischunterricht f\u00fcr haupt- und ehrenamtliche Deutschlehrer, eine Infoveranstaltung f\u00fcr Immobilienbesitzer zum Thema \u201eVermieten an Fl\u00fcchtlinge\u201c und das vierte Integrationsfu\u00dfballturnier f\u00fcr Freizeit- und Amateurmannschaften \u2013 um nur einige Beispiele zu nennen.<\/p>\n<p>Highlight der Interkulturellen Woche ist das \u201eFest der Kulturen\u201c am 23. September ab 11 Uhr auf dem Bahnhofsvorplatz. Abdulkerim Demir, Vorsitzender des Ausl\u00e4nderbeirates, freut sich \u00fcber die Vielfalt an Akteuren: \u201eSo viele angemeldete St\u00e4nde gab es bei der Interkulturellen Woche noch nie.\u201c Alle interessierten B\u00fcrgerinnen und B\u00fcrger k\u00f6nnen sich dort \u00fcber die Arbeit von unterschiedlichen interkulturell t\u00e4tigen Vereinen und Institutionen informieren und eine Vielzahl an kulinarischen K\u00f6stlichkeiten probieren. Umrahmt wird das Fest von einem bunten B\u00fchnenprogramm mit musikalischen Beitr\u00e4gen und Tanzvorf\u00fchrungen.<\/p>\n<p>Das gesamte Programm mit weiteren Infos kann auf www.fulda.de heruntergeladen sowie im B\u00fcrgerb\u00fcro der Stadt oder der Fachstelle Integration und Inklusion im Beh\u00f6rdenhaus am Schlossgarten abgeholt werden.<\/p>\n","protected":false},"excerpt":{"rendered":"<div class=\"tmnf_excerpt\"><p>Die Interkulturelle Woche ist in Fulda mittlerweile zur Tradition geworden. Unter dem diesj\u00e4hrigen Motto der bundesweiten Aktion \u201eVielfalt verbindet\u201c hat die Stadt Fulda in Kooperation mit dem Ausl\u00e4nderbeirat und dank des Engagements von vielen Vereinen und Migrantenorganisationen ein buntes Programm auf die Beine gestellt. In Fulda sind Menschen aus \u00fcber 100 verschiedenen Nationen beheimatet. \u201eEigentlich &hellip;<\/p>\n<\/div>","protected":false},"author":1,"featured_media":166904,"comment_status":"closed","ping_status":"closed","sticky":false,"template":"","format":"standard","meta":{"footnotes":""},"categories":[1],"tags":[],"class_list":["post-166903","post","type-post","status-publish","format-standard","has-post-thumbnail","hentry","category-startseite"],"_links":{"self":[{"href":"https:\/\/www.fuldaernachrichten.de\/index.php?rest_route=\/wp\/v2\/posts\/166903","targetHints":{"allow":["GET"]}}],"collection":[{"href":"https:\/\/www.fuldaernachrichten.de\/index.php?rest_route=\/wp\/v2\/posts"}],"about":[{"href":"https:\/\/www.fuldaernachrichten.de\/index.php?rest_route=\/wp\/v2\/types\/post"}],"author":[{"embeddable":true,"href":"https:\/\/www.fuldaernachrichten.de\/index.php?rest_route=\/wp\/v2\/users\/1"}],"replies":[{"embeddable":true,"href":"https:\/\/www.fuldaernachrichten.de\/index.php?rest_route=%2Fwp%2Fv2%2Fcomments&post=166903"}],"version-history":[{"count":1,"href":"https:\/\/www.fuldaernachrichten.de\/index.php?rest_route=\/wp\/v2\/posts\/166903\/revisions"}],"predecessor-version":[{"id":166905,"href":"https:\/\/www.fuldaernachrichten.de\/index.php?rest_route=\/wp\/v2\/posts\/166903\/revisions\/166905"}],"wp:featuredmedia":[{"embeddable":true,"href":"https:\/\/www.fuldaernachrichten.de\/index.php?rest_route=\/wp\/v2\/media\/166904"}],"wp:attachment":[{"href":"https:\/\/www.fuldaernachrichten.de\/index.php?rest_route=%2Fwp%2Fv2%2Fmedia&parent=166903"}],"wp:term":[{"taxonomy":"category","embeddable":true,"href":"https:\/\/www.fuldaernachrichten.de\/index.php?rest_route=%2Fwp%2Fv2%2Fcategories&post=166903"},{"taxonomy":"post_tag","embeddable":true,"href":"https:\/\/www.fuldaernachrichten.de\/index.php?rest_route=%2Fwp%2Fv2%2Ftags&post=166903"}],"curies":[{"name":"wp","href":"https:\/\/api.w.org\/{rel}","templated":true}]}}