{"id":166877,"date":"2017-08-30T07:10:29","date_gmt":"2017-08-30T05:10:29","guid":{"rendered":"http:\/\/www.fuldaer-nachrichten.de\/?p=166877"},"modified":"2017-08-30T07:10:29","modified_gmt":"2017-08-30T05:10:29","slug":"fuer-die-generalistische-pflegeausbildung-intensivierung-der-kooperation-zwischen-dem-dioezesan-caritasverband-und-dem-herz-jesu-krankenhaus-fulda","status":"publish","type":"post","link":"https:\/\/www.fuldaernachrichten.de\/?p=166877","title":{"rendered":"F\u00fcr die generalistische Pflegeausbildung: Intensivierung der Kooperation zwischen dem Di\u00f6zesan-Caritasverband und dem Herz-Jesu-Krankenhaus Fulda"},"content":{"rendered":"<p>Nach der endg\u00fcltigen Weichenstellung des Gesetzgebers werden ab dem Jahr 2020 die bisherigen parallelen Berufsausbildungen \u201eAltenpflege\u201c, Krankenpflege\u201c und \u201eKinderkrankenpflege\u201c durch eine so genannte generalistische Pflegeausbildung ersetzt. Das bedeutet, dass es k\u00fcnftig eine einheitliche Berufsausbildung \u201ePflege\u201c gibt, die \u00fcber drei Jahre geht. Wer sich spezialisieren will, kann aber im dritten Jahr eine Ausbildungsspezialisierung durch Vertiefung in der Krankenpflege oder Altenpflege vornehmen. <\/p>\n<p>Die Altenpflegeschule des Caritasverbandes f\u00fcr die Di\u00f6zese Fulda hat sich bereits fr\u00fchzeitig auf die Weichenstellung in Berlin hin zur generalistischen Pflegeausbildung eingestellt und arbeitet am neuen Curriculum. \u201eSicher ist, dass wir ab 2020 die neue Pflegeausbildung an unserer Schule anbieten werden\u201c, betont Di\u00f6zesan-Caritasdirektor Dr. Markus Juch. \u201eUm diese neue Ausbildungsform zu etablieren, ist es nat\u00fcrlich wichtig, in Zukunft mit unseren Kooperationspartnern wie beispielsweise dem Herz-Jesu- Krankenhaus verst\u00e4rkt zusammenzuarbeiten, damit wir f\u00fcr unsere Sch\u00fclerschaft die praktische Ausbildung sicher stellen und ihnen Praxis- und Praktikumspl\u00e4tze auch in der Krankenpflege erm\u00f6glichen k\u00f6nnen. Unser Netz an Partnern bez\u00fcglich der Altenpflege ist ja bereits sehr engmaschig und vielseitig.\u201c <\/p>\n<p>Die Caritas Altenpflegeschule hat sich dementsprechend zum Ziel gesetzt, f\u00fcr eine gute und solide Ausbildung ein m\u00f6glichst breites Spektrum an verschiedenen Praxisstellen f\u00fcr ihre Sch\u00fclerinnen und Sch\u00fcler auch im Bereich der Krankenpflege anzubieten. Aus diesem Grund wird in einem ersten Schritt bereits jetzt die Zusammenarbeit mit dem Herz-Jesu-Krankenhaus Fulda intensiviert. \u201eDas Herz-Jesu-Krankenhaus bietet schon \u00fcber viele Jahre Praktikumspl\u00e4tze im Rahmen der Altenpflegeausbildung an\u201c, unterstreicht in diesem Zusammenhang Dipl. Betriebswirt Michael Sammet, Gesch\u00e4ftsf\u00fchrer bei der St. Vinzenz Krankenhaus gGmbH als der Tr\u00e4ger-Gesellschaft  des Fuldaer Herz-Jesu-Krankenhauses. \u201eWir freuen uns, diese gute Zusammenarbeit durch die neue generalistische Pflegeausbildung nun noch zu vertiefen und mit bei den ersten Kooperationspartnern der Caritas-Altenpflegeschule zu sein.\u201c<\/p>\n<p>Das Team um Schulleiterin Dajana Herbst m\u00f6chte dar\u00fcber hinaus weitere Kooperationen mit Kliniken und Diensten des Gesundheitssystems in Orten der Region wie Fulda und Lauterbach eingehen. Die Ressortleiterin Altenhilfe der Caritas, Kristin Klinzing, umrei\u00dft die Zielsetzung folgenderma\u00dfen: \u201eWie auch im Bereich der Altenhilfe, wo wir mit Einrichtungen aus der ganzen Region in ganz unterschiedlicher Tr\u00e4gerschaft  zusammenarbeiten, wollen wir solche Partnerschaften zur Ausbildung auch f\u00fcr den Bereich der Krankenpflege schaffen. Wichtig dabei ist es, dass die Caritas-Schule f\u00fcr alle Einrichtungen gleicherma\u00dfen ein verl\u00e4sslicher Partner f\u00fcr die ausbildenden Einrichtungen ist, und dass sich unsere Sch\u00fclerschaft umgekehrt darauf verlassen kann, gute und attraktive Ausbildungspl\u00e4tze unterschiedlicher Pr\u00e4gung zu erhalten\u201c.   <\/p>\n<p>\u201eAltenpflege bleibt nat\u00fcrlich auch weiterhin ein traditioneller Schwerpunkt f\u00fcr uns\u201c, unterstreicht Schulleiterin Herbst. \u201eWir bieten daher im neuen Ausbildungscurriculum ab 2020 f\u00fcr das dritte Lehrjahr neben der generalistischen Pflegeausbildung als Alternative die Spezialisierung f\u00fcr die Altenpflege an. Ungeachtet dessen werden alle Pflegesch\u00fclerinnen und Pflegesch\u00fcler dann gem\u00e4\u00df der neuen Gesetzeslage f\u00fcr den Pflegeberuf qualifiziert!\u201c Muss dann im Jahr 2020 die Caritas-Altenpflegeschule wom\u00f6glich nach fast 45 Jahren Bestehen nicht auch ihren Namen \u00e4ndern? Caritasdirektor Juch: \u201eDar\u00fcber haben wir selbstverst\u00e4ndlich auch bereits nachgedacht,  wenn die Schule sich entsprechend ihrer erweiterten Ausbildungsaufgaben zu einer  generalistischen Pflegefachschule entwickelt, dann sollte sie auch eine entsprechende Bezeichnung f\u00fchren!\u201c<\/p>\n","protected":false},"excerpt":{"rendered":"<div class=\"tmnf_excerpt\"><p>Nach der endg\u00fcltigen Weichenstellung des Gesetzgebers werden ab dem Jahr 2020 die bisherigen parallelen Berufsausbildungen \u201eAltenpflege\u201c, Krankenpflege\u201c und \u201eKinderkrankenpflege\u201c durch eine so genannte generalistische Pflegeausbildung ersetzt. Das bedeutet, dass es k\u00fcnftig eine einheitliche Berufsausbildung \u201ePflege\u201c gibt, die \u00fcber drei Jahre geht. Wer sich spezialisieren will, kann aber im dritten Jahr eine Ausbildungsspezialisierung durch Vertiefung in &hellip;<\/p>\n<\/div>","protected":false},"author":1,"featured_media":166908,"comment_status":"closed","ping_status":"closed","sticky":false,"template":"","format":"standard","meta":{"footnotes":""},"categories":[1],"tags":[],"class_list":["post-166877","post","type-post","status-publish","format-standard","has-post-thumbnail","hentry","category-startseite"],"_links":{"self":[{"href":"https:\/\/www.fuldaernachrichten.de\/index.php?rest_route=\/wp\/v2\/posts\/166877","targetHints":{"allow":["GET"]}}],"collection":[{"href":"https:\/\/www.fuldaernachrichten.de\/index.php?rest_route=\/wp\/v2\/posts"}],"about":[{"href":"https:\/\/www.fuldaernachrichten.de\/index.php?rest_route=\/wp\/v2\/types\/post"}],"author":[{"embeddable":true,"href":"https:\/\/www.fuldaernachrichten.de\/index.php?rest_route=\/wp\/v2\/users\/1"}],"replies":[{"embeddable":true,"href":"https:\/\/www.fuldaernachrichten.de\/index.php?rest_route=%2Fwp%2Fv2%2Fcomments&post=166877"}],"version-history":[{"count":1,"href":"https:\/\/www.fuldaernachrichten.de\/index.php?rest_route=\/wp\/v2\/posts\/166877\/revisions"}],"predecessor-version":[{"id":166909,"href":"https:\/\/www.fuldaernachrichten.de\/index.php?rest_route=\/wp\/v2\/posts\/166877\/revisions\/166909"}],"wp:featuredmedia":[{"embeddable":true,"href":"https:\/\/www.fuldaernachrichten.de\/index.php?rest_route=\/wp\/v2\/media\/166908"}],"wp:attachment":[{"href":"https:\/\/www.fuldaernachrichten.de\/index.php?rest_route=%2Fwp%2Fv2%2Fmedia&parent=166877"}],"wp:term":[{"taxonomy":"category","embeddable":true,"href":"https:\/\/www.fuldaernachrichten.de\/index.php?rest_route=%2Fwp%2Fv2%2Fcategories&post=166877"},{"taxonomy":"post_tag","embeddable":true,"href":"https:\/\/www.fuldaernachrichten.de\/index.php?rest_route=%2Fwp%2Fv2%2Ftags&post=166877"}],"curies":[{"name":"wp","href":"https:\/\/api.w.org\/{rel}","templated":true}]}}