{"id":166866,"date":"2017-08-30T07:07:43","date_gmt":"2017-08-30T05:07:43","guid":{"rendered":"http:\/\/www.fuldaer-nachrichten.de\/?p=166866"},"modified":"2017-08-30T07:07:43","modified_gmt":"2017-08-30T05:07:43","slug":"gottesdienst-zum-gemeindefest-der-kreuzkirche","status":"publish","type":"post","link":"https:\/\/www.fuldaernachrichten.de\/?p=166866","title":{"rendered":"Gottesdienst zum Gemeindefest der Kreuzkirche"},"content":{"rendered":"<p>Gro\u00df im Schaukasten und auf den Liedbl\u00e4ttern: Die Kreuzkirche aus der Vogelperspektive. Im Gemeindefest-Gottesdienst ist auch der Blick von oben Thema, genauso wie der Blick in die Zukunft. \u201eGott stellt unsere F\u00fc\u00dfe auf weiten Raum\u201c, hei\u00dft es dazu in Psalm 31.<\/p>\n<p>Im Jahr 2013 wurde die Evangelische Kreuzkirche in Fulda-Neuenberg erweitert, am Gottesdienst zum Gemeindefest zahlt sich die Verdopplung der Sitzpl\u00e4tze aus. Pfarrer Stefan B\u00fcrger stellt ein Drohnenbild der Kreuzkirche in den Mittelpunkt seiner Predigt. Drohnenaufnahmen schaffen eine Blickerweiterung, einen Blick von oben. \u201eDer Blick von oben auf die Kirche ist f\u00fcr mich ein Symbol daf\u00fcr, dass Gott die Welt im Blick hat. Uns. Gott hat den weiten Blick, den \u00dcberblick. Deshalb braucht uns nicht bange sein\u201c, verk\u00fcndet B\u00fcrger den rund 250 Besucherinnen und Besuchern. Und dieser Gott stelle die F\u00fc\u00dfe der Christen auf weiten Raum. In der Kirche sei es immer wieder n\u00f6tig, den Blick zu weiten, sich auf die F\u00fc\u00dfe zu stellen und mit dem Du Gottes zu rechnen. Unterst\u00fctzt wurde B\u00fcrger durch drei der derzeitig 30 Konfirmanden, die ihre Gedanken zu dem Psalmwort kundtaten.<\/p>\n<p>In einem auf dem \u201ePeugeot Drone Film Festival\u201c preisgekr\u00f6nten Videoclip konnten die Gemeindeglieder sehen, wie eine wachsende Kirchengemeinde am M\u00fcnchener Flughafen in Halbergmoos mit ihren Herausforderungen umgeht. Die Pfarrerin erz\u00e4hlt dabei ihren Glaubensweg und von der Kraft, die sie an Glaubensweggef\u00e4hrten beeindruckt habe. Dieser Spur des Glaubens wollte sie folgen und wurde Pfarrerin. Sie sah ihre F\u00fc\u00dfe auf weiten Raum gestellt.<\/p>\n<p>Auch die Kreuzkirche stehe vor Herausforderungen. So habe man k\u00fcrzlich einen Antrag auf eine halbe Pfarrstelle gestellt. Einerseits aufgrund des Gemeindewachstums in den letzten 20 Jahren, aber auch, weil durch Neubaugebiete, vor allem in Haimbach, noch potentiell 300-400 Evangelische zuziehen werden. Nachdem im Gottesdienst der Jugendreferent Samuel K\u00fcmmel verabschiedet wurde und klar sei, dass der Kirchenkreis Fulda die Stelle ins H\u00fcnfelder Land verlagere, wo es derzeit noch keine Hauptamtlichenkraft in der Jugendarbeit gebe, stehe die Gemeinde zus\u00e4tzlich vor der Frage, wie es neben der ehrenamtlichen Begleitung in der Kinder- und Jugendarbeit weitergehe. \u201eGut 50.000 Euro Personalkosten m\u00fcssten wir aufbringen, um eine eigene Jugend- bzw. Gemeindereferentenstelle zu finanzieren. Neben Kinder- und Jugendarbeit k\u00f6nnte die Mitarbeiterin auch in der Begleitung der 100 Ehrenamtlichen, in Gottesdienst-, Gemeinwesen- und Gemeindearbeit eingesetzt werden\u201c, so der Pfarrer. Dies sei eine sehr gro\u00dfe Herausforderung und nur mit Hilfe von gro\u00dfen und kleinen Spenden m\u00f6glich. Derzeit \u00fcberlegen der Jugend- und der Fundraisingausschuss der Gemeinde, welche Wege gegangen werden k\u00f6nnen.<\/p>\n<p>Im Gottesdienst wurde zudem Olga Siemens als neue K\u00fcsterin eingef\u00fchrt. Seit Juni arbeitet sie mit neu Stunden w\u00f6chentlich und ist \u00fcberwiegend f\u00fcr Reinigung, aber auch f\u00fcr die gottesdienstliche Begleitung, sowie das Veranstaltungsmanagement zust\u00e4ndig. Musikalisch wurde der Gottesdienst durch den Posaunenchor der evangelischen Kirche unter Leitung von Joachim Enders und Christopher Schnell an der Orgel und am Klavinova mitgestaltet. Parallel gab es mit 35 Kindern Kindergottesdienst. Im Anschluss wurde mit kulinarischen Spezialit\u00e4ten, Kinderprogramm und H\u00fcpfburg bis zum 18.00-Uhr-Glockenschlag gefeiert.<\/p>\n<p>Die Kollekte wurde f\u00fcr die Zukunftsarbeit der Kinder- und Jugendarbeit \u201eZukunft leben\u201c eingelegt.<br \/>\nLink zum preisgekr\u00f6nten Film: https:\/\/vimeo.com\/167233688<br \/>\n(www.kreuzkirche-fulda.de) Die Predigt kann in den n\u00e4chsten Tagen auf der Homepage audio nachgeh\u00f6rt werden.<\/p>\n<p>Spendenkonto (Onlinespende: spende.kreuzkirche-fulda.de)<br \/>\nEvangelische Kreuzkirche Fulda, \u201eZukunft leben\u201c<br \/>\nRaiffeisenbank Gro\u00dfenl\u00fcder<br \/>\nIBAN DE46530520350005746280 BIC GENODEF1GLU<\/p>\n","protected":false},"excerpt":{"rendered":"<div class=\"tmnf_excerpt\"><p>Gro\u00df im Schaukasten und auf den Liedbl\u00e4ttern: Die Kreuzkirche aus der Vogelperspektive. Im Gemeindefest-Gottesdienst ist auch der Blick von oben Thema, genauso wie der Blick in die Zukunft. \u201eGott stellt unsere F\u00fc\u00dfe auf weiten Raum\u201c, hei\u00dft es dazu in Psalm 31. Im Jahr 2013 wurde die Evangelische Kreuzkirche in Fulda-Neuenberg erweitert, am Gottesdienst zum Gemeindefest &hellip;<\/p>\n<\/div>","protected":false},"author":1,"featured_media":166894,"comment_status":"closed","ping_status":"closed","sticky":false,"template":"","format":"gallery","meta":{"footnotes":""},"categories":[1],"tags":[],"class_list":["post-166866","post","type-post","status-publish","format-gallery","has-post-thumbnail","hentry","category-startseite","post_format-post-format-gallery"],"_links":{"self":[{"href":"https:\/\/www.fuldaernachrichten.de\/index.php?rest_route=\/wp\/v2\/posts\/166866","targetHints":{"allow":["GET"]}}],"collection":[{"href":"https:\/\/www.fuldaernachrichten.de\/index.php?rest_route=\/wp\/v2\/posts"}],"about":[{"href":"https:\/\/www.fuldaernachrichten.de\/index.php?rest_route=\/wp\/v2\/types\/post"}],"author":[{"embeddable":true,"href":"https:\/\/www.fuldaernachrichten.de\/index.php?rest_route=\/wp\/v2\/users\/1"}],"replies":[{"embeddable":true,"href":"https:\/\/www.fuldaernachrichten.de\/index.php?rest_route=%2Fwp%2Fv2%2Fcomments&post=166866"}],"version-history":[{"count":1,"href":"https:\/\/www.fuldaernachrichten.de\/index.php?rest_route=\/wp\/v2\/posts\/166866\/revisions"}],"predecessor-version":[{"id":166899,"href":"https:\/\/www.fuldaernachrichten.de\/index.php?rest_route=\/wp\/v2\/posts\/166866\/revisions\/166899"}],"wp:featuredmedia":[{"embeddable":true,"href":"https:\/\/www.fuldaernachrichten.de\/index.php?rest_route=\/wp\/v2\/media\/166894"}],"wp:attachment":[{"href":"https:\/\/www.fuldaernachrichten.de\/index.php?rest_route=%2Fwp%2Fv2%2Fmedia&parent=166866"}],"wp:term":[{"taxonomy":"category","embeddable":true,"href":"https:\/\/www.fuldaernachrichten.de\/index.php?rest_route=%2Fwp%2Fv2%2Fcategories&post=166866"},{"taxonomy":"post_tag","embeddable":true,"href":"https:\/\/www.fuldaernachrichten.de\/index.php?rest_route=%2Fwp%2Fv2%2Ftags&post=166866"}],"curies":[{"name":"wp","href":"https:\/\/api.w.org\/{rel}","templated":true}]}}