{"id":166859,"date":"2017-08-30T07:05:03","date_gmt":"2017-08-30T05:05:03","guid":{"rendered":"http:\/\/www.fuldaer-nachrichten.de\/?p=166859"},"modified":"2017-08-30T07:05:03","modified_gmt":"2017-08-30T05:05:03","slug":"zwischen-neuen-impulsen-und-staendiger-reformation-kirchenvertreter-aus-aller-welt-zu-gast-in-alsfeld","status":"publish","type":"post","link":"https:\/\/www.fuldaernachrichten.de\/?p=166859","title":{"rendered":"Zwischen neuen Impulsen und st\u00e4ndiger Reformation &#8211; Kirchenvertreter aus aller Welt zu Gast in Alsfeld"},"content":{"rendered":"<p>\u201eMasithi Amen\u201c \u2013 kraftvoll erschallte dieses interkulturelle christliche Lied am Freitagmittag in der Walpurgiskirche. 28 Vertreterinnen und Vertreter christlicher Kirchen aus aller Welt sangen gemeinsam mit ihren deutschen Gastebern und feierten in der Mitte des Tages und in der Mitte einer Reise eine kleine Andacht in Alsfeld. Zehn Tage lang waren sie G\u00e4ste der Evangelischen Kirche in Hessen und Nassau (EKHN), die ihre Partnerkirchen anl\u00e4sslich des Reformationsjubil\u00e4ums zu Konsultationen nach Deutschland eingeladen hatte.<br \/>\nAlsfeld war zwar nur ein Zwischenstopp auf der R\u00fcckreise der Gruppe von Wittenberg nach Frankfurt, einen Besuch wert war der sch\u00f6ne Marktplatz mit seinem historischen Geb\u00e4udeensemble aber allemal \u2013 genauso wie der Kirchplatz, den die Gruppe p\u00fcnktlich um zw\u00f6lf Uhr mittags f\u00fcr eine Andacht in der Walpurgiskirche ansteuerte. Mit den Worten \u201eDear sisters and brothers in Christ\u201c er\u00f6ffnete Dekan Dr. J\u00fcrgen Sauer die kleine Zeremonie, an der sich Dekanin Luise Berroth vom Evangelischen Dekanat Vogelsberg und Dekanatsreferentin Hedwig Kluth vom Katholischen Dekanat Alsfeld mit Bibeltexten und Gebeten beteiligten.<\/p>\n<p>War die Sprache der Lieder, der Andacht und der Bibeltexte zun\u00e4chst noch in Englisch, beeindruckte das Vaterunser mit einem vielsprachigen Gemurmel alle Anwesenden in ihrer Muttersprache und lie\u00df erahnen, dass jeder und jede Einzelne in ihrer Sprache beim Gebet verstanden und geh\u00f6rt wird. Dr. Sauer lie\u00df es sich nicht nehmen, die Gem\u00e4lde der Kirche vorzustellen, darunter Portraits von Martin Luther und seinem Sch\u00fcler Tilemann Schnabel, der Alsfeld zu einer der ersten reformierten St\u00e4dte in Deutschland gemacht hat. Damit schuf der Dekan einen Bezugspunkt zum Thema des Besuches der Gruppe in Deutschland. \u201eHere I stand; I cannot otherwise \u2013 do our partnerships need continuous reformation?\u201c (\u201eHier stehe ich und kann nicht anders \u2013 brauchen unsere Partnerschaften st\u00e4ndige Reformation?\u201c) Mit der Frage nach der st\u00e4ndigen Reformation von internationalen kirchlichen Partnerschaften besch\u00e4ftigten sich die Delegationen in Deutschland \u2013 eine Pause davon bot ihnen das gemeinsame Mittagessen in einem alteingesessenen Lokal gegen\u00fcber der Kirche und mit direktem Blick zum Rathaus. Diese Begegnung verschaffte auch einigen der in der Partnerschaftsarbeit mit Indien aktiven Mitarbeitenden der Vogelsberger Dekanate ein Wiedersehen mit den Vertretern der indischen Partnerkirche aus der Di\u00f6zese East Kerala. Von dort war Bishop Dr. K.G. Daniel mit seiner Mitarbeiterin Rachel George nach Deutschland gekommen. Neben ihm waren Kirchenvertreter aus Ghana, S\u00fcdafrika, Tansania, Nord-Indien, Indonesien, S\u00fcdkorea, Italien, Polen, Tschechien und den USA nach Deutschland gereist, darunter weitere f\u00fcnf Bisch\u00f6fe. Eine multikulturelle Truppe also, die das Bild sowohl in der Kirche als auch auf dem Marktplatz und im Restaurant sichtlich bunter machte.<\/p>\n<p>Begleitet wurde die Reisegruppe von Pfarrer Dr. Johny Thonipara, Asien-Referent am Zentrum Oekumene der EKKW (Evangelischen Kirche Kurhessen-Waldeck) und der EKHN in Frankfurt. Er dankte dem Evangelischen Dekanat f\u00fcr dessen Gastfreundschaft. Gemeinsam mit Helga Rau, Afrika-Referentin am Zentrum Oekumene, zeichnete Dr.Thonipara verantwortlich f\u00fcr den reibungslosen Ablauf der Reise. Und weil Alsfeld in diesem Ablauf auch nur eine kleine Rolle spielte, reichte die Zeit nach dem Mittagessen gerade noch f\u00fcr einen kleinen schnellen Abstecher auf den Marktplatz und ein, zwei Bilder vor dem Rathaus.<\/p>\n<p>Nach gut anderthalb Stunden setzten die G\u00e4ste aus aller Welt ihre Reise schon wieder fort. Ob die Partnerschaften nach dem mehrt\u00e4gigen Treffen nun tats\u00e4chlich \u201ereformiert\u201c waren, wie es in der Fragestellung hie\u00df, mag offenblieben, dass sie den Teilnehmenden aber viele neue Impulse gebracht hat, das ist jetzt schon unbestritten.<\/p>\n","protected":false},"excerpt":{"rendered":"<div class=\"tmnf_excerpt\"><p>\u201eMasithi Amen\u201c \u2013 kraftvoll erschallte dieses interkulturelle christliche Lied am Freitagmittag in der Walpurgiskirche. 28 Vertreterinnen und Vertreter christlicher Kirchen aus aller Welt sangen gemeinsam mit ihren deutschen Gastebern und feierten in der Mitte des Tages und in der Mitte einer Reise eine kleine Andacht in Alsfeld. Zehn Tage lang waren sie G\u00e4ste der Evangelischen &hellip;<\/p>\n<\/div>","protected":false},"author":1,"featured_media":166875,"comment_status":"closed","ping_status":"closed","sticky":false,"template":"","format":"gallery","meta":{"footnotes":""},"categories":[1],"tags":[],"class_list":["post-166859","post","type-post","status-publish","format-gallery","has-post-thumbnail","hentry","category-startseite","post_format-post-format-gallery"],"_links":{"self":[{"href":"https:\/\/www.fuldaernachrichten.de\/index.php?rest_route=\/wp\/v2\/posts\/166859","targetHints":{"allow":["GET"]}}],"collection":[{"href":"https:\/\/www.fuldaernachrichten.de\/index.php?rest_route=\/wp\/v2\/posts"}],"about":[{"href":"https:\/\/www.fuldaernachrichten.de\/index.php?rest_route=\/wp\/v2\/types\/post"}],"author":[{"embeddable":true,"href":"https:\/\/www.fuldaernachrichten.de\/index.php?rest_route=\/wp\/v2\/users\/1"}],"replies":[{"embeddable":true,"href":"https:\/\/www.fuldaernachrichten.de\/index.php?rest_route=%2Fwp%2Fv2%2Fcomments&post=166859"}],"version-history":[{"count":1,"href":"https:\/\/www.fuldaernachrichten.de\/index.php?rest_route=\/wp\/v2\/posts\/166859\/revisions"}],"predecessor-version":[{"id":166876,"href":"https:\/\/www.fuldaernachrichten.de\/index.php?rest_route=\/wp\/v2\/posts\/166859\/revisions\/166876"}],"wp:featuredmedia":[{"embeddable":true,"href":"https:\/\/www.fuldaernachrichten.de\/index.php?rest_route=\/wp\/v2\/media\/166875"}],"wp:attachment":[{"href":"https:\/\/www.fuldaernachrichten.de\/index.php?rest_route=%2Fwp%2Fv2%2Fmedia&parent=166859"}],"wp:term":[{"taxonomy":"category","embeddable":true,"href":"https:\/\/www.fuldaernachrichten.de\/index.php?rest_route=%2Fwp%2Fv2%2Fcategories&post=166859"},{"taxonomy":"post_tag","embeddable":true,"href":"https:\/\/www.fuldaernachrichten.de\/index.php?rest_route=%2Fwp%2Fv2%2Ftags&post=166859"}],"curies":[{"name":"wp","href":"https:\/\/api.w.org\/{rel}","templated":true}]}}