{"id":166853,"date":"2017-08-30T07:02:13","date_gmt":"2017-08-30T05:02:13","guid":{"rendered":"http:\/\/www.fuldaer-nachrichten.de\/?p=166853"},"modified":"2017-08-30T07:02:13","modified_gmt":"2017-08-30T05:02:13","slug":"energetische-sanierungsmassnahmen-an-der-konrad-zuse-schule","status":"publish","type":"post","link":"https:\/\/www.fuldaernachrichten.de\/?p=166853","title":{"rendered":"Energetische Sanierungsma\u00dfnahmen an der Konrad-Zuse-Schule"},"content":{"rendered":"<p>Unter dem Motto \u201eKIP macht Schule\u201c wird aus dem Kommunalinvestitionsprogramm des Landes Hessen mit einem millionenschweren F\u00f6rderpaket die energetische Schulsanierung bezuschusst: darunter auch die Konrad-Zuse-Schule in H\u00fcnfeld. F\u00fcr die Umbauma\u00dfnahmen an der Konrad-Zuse-Schule werden 500 000 Euro bereitgestellt. Zus\u00e4tzlich flie\u00dfen 350 000 Euro aus Eigenmitteln vom Landkreis Fulda.<\/p>\n<p>Bis Ende Oktober dauern voraussichtlich die Sanierungsma\u00dfnahmen an drei von sieben Geb\u00e4uden der Konrad-Zuse-Schule: Neue D\u00e4mmung, dichtere Fenster, verbesserter Brandschutz und der Abbau der Lichtkuppeln stehen bis dahin an. Die Modernisierungsma\u00dfnahmen zur Minimierung des Energieverbrauchs reichen von Komplettabriss und Ersatzbau bis hin zum Vollw\u00e4rmeschutz und Flachdacherneuerung.<\/p>\n<p>Die Sanierungsma\u00dfnahmen an mehreren Schulen im Altkreis H\u00fcnfeld werden durch das erste Kommunalinvestitionsprogramm des Landes gef\u00f6rdert. Mit der Neuauflage erg\u00e4nzt die Landesregierung das 2015 aufgelegte Investitionsprogramm des Bundes mit einem F\u00f6rderpaket f\u00fcr die Schulsanierung. Neben der Konrad-Zuse-Schule profitieren auch das Wigbert-Gymnasium sowie die Lichtbergschule und die Grundschule in Eiterfeld vom ersten Kommunalinvestitionsprogramm.<\/p>\n<p>Die Kofinanzierung mit Ausgaben von 500 000 Euro spalten sich wie folgt auf: Mit 90 Prozent \u00fcbernimmt der Bund die Kosten in H\u00f6he von 450 000 Euro, die restlichen 10 Prozent in H\u00f6he von 50 000 Euro werden kommunal eigenfinanziert. Aus eigener Tasche stammen 350 000 Euro, mit denen der Landkreis Fulda die Umbauma\u00dfnahmen zus\u00e4tzlich unterst\u00fctzt.<\/p>\n","protected":false},"excerpt":{"rendered":"<div class=\"tmnf_excerpt\"><p>Unter dem Motto \u201eKIP macht Schule\u201c wird aus dem Kommunalinvestitionsprogramm des Landes Hessen mit einem millionenschweren F\u00f6rderpaket die energetische Schulsanierung bezuschusst: darunter auch die Konrad-Zuse-Schule in H\u00fcnfeld. F\u00fcr die Umbauma\u00dfnahmen an der Konrad-Zuse-Schule werden 500 000 Euro bereitgestellt. Zus\u00e4tzlich flie\u00dfen 350 000 Euro aus Eigenmitteln vom Landkreis Fulda. Bis Ende Oktober dauern voraussichtlich die Sanierungsma\u00dfnahmen &hellip;<\/p>\n<\/div>","protected":false},"author":1,"featured_media":166857,"comment_status":"closed","ping_status":"closed","sticky":false,"template":"","format":"standard","meta":{"footnotes":""},"categories":[1],"tags":[],"class_list":["post-166853","post","type-post","status-publish","format-standard","has-post-thumbnail","hentry","category-startseite"],"_links":{"self":[{"href":"https:\/\/www.fuldaernachrichten.de\/index.php?rest_route=\/wp\/v2\/posts\/166853","targetHints":{"allow":["GET"]}}],"collection":[{"href":"https:\/\/www.fuldaernachrichten.de\/index.php?rest_route=\/wp\/v2\/posts"}],"about":[{"href":"https:\/\/www.fuldaernachrichten.de\/index.php?rest_route=\/wp\/v2\/types\/post"}],"author":[{"embeddable":true,"href":"https:\/\/www.fuldaernachrichten.de\/index.php?rest_route=\/wp\/v2\/users\/1"}],"replies":[{"embeddable":true,"href":"https:\/\/www.fuldaernachrichten.de\/index.php?rest_route=%2Fwp%2Fv2%2Fcomments&post=166853"}],"version-history":[{"count":1,"href":"https:\/\/www.fuldaernachrichten.de\/index.php?rest_route=\/wp\/v2\/posts\/166853\/revisions"}],"predecessor-version":[{"id":166858,"href":"https:\/\/www.fuldaernachrichten.de\/index.php?rest_route=\/wp\/v2\/posts\/166853\/revisions\/166858"}],"wp:featuredmedia":[{"embeddable":true,"href":"https:\/\/www.fuldaernachrichten.de\/index.php?rest_route=\/wp\/v2\/media\/166857"}],"wp:attachment":[{"href":"https:\/\/www.fuldaernachrichten.de\/index.php?rest_route=%2Fwp%2Fv2%2Fmedia&parent=166853"}],"wp:term":[{"taxonomy":"category","embeddable":true,"href":"https:\/\/www.fuldaernachrichten.de\/index.php?rest_route=%2Fwp%2Fv2%2Fcategories&post=166853"},{"taxonomy":"post_tag","embeddable":true,"href":"https:\/\/www.fuldaernachrichten.de\/index.php?rest_route=%2Fwp%2Fv2%2Ftags&post=166853"}],"curies":[{"name":"wp","href":"https:\/\/api.w.org\/{rel}","templated":true}]}}