{"id":166837,"date":"2017-08-30T07:00:00","date_gmt":"2017-08-30T05:00:00","guid":{"rendered":"http:\/\/www.fuldaer-nachrichten.de\/?p=166837"},"modified":"2017-08-30T07:00:00","modified_gmt":"2017-08-30T05:00:00","slug":"interreligioeser-spaziergang-durch-fulda-am-3-september","status":"publish","type":"post","link":"https:\/\/www.fuldaernachrichten.de\/?p=166837","title":{"rendered":"Interreligi\u00f6ser Spaziergang durch Fulda am 3. September"},"content":{"rendered":"<p>Der Runde Tisch der Religionen engagiert sich seit f\u00fcnf Jahren f\u00fcr einen lebendigen Austausch zwischen den unterschiedlichen Glaubensgemeinschaften in Fulda. Vertreter von christlichen, muslimischen und j\u00fcdischen Gemeinden laden am 3. September im Rahmen der Interkulturellen Woche zu einem interreligi\u00f6sen Stadtspaziergang ein. Das Signal: Offenheit und Begegnungsbereitschaft.<\/p>\n<p>In Fulda sind viele Religionen zu Hause. Dass diese nicht nur gut miteinander auskommen, sondern auch erfolgreich gemeinsame Sache machen k\u00f6nnen, beweist der Runde Tisch der Religionen. In dem im Jahr 2012 ins Leben gerufene Forum sind unterschiedliche christliche, muslimische und j\u00fcdische Gemeinden Mitglied. Ihre Vertreter diskutieren dort alltagsrelevante Themen, die sich aus der religi\u00f6sen Vielfalt in Fulda ergeben. <\/p>\n<p>\u201eUnser Ziel ist es, dass sich die unterschiedlichen Religionen besser kennenlernen und wertsch\u00e4tzen\u201c, erkl\u00e4rt Werner Staubach von \u201euno, eine Welt in Fulda\u201c. Der Verein moderiert den Runden Tisch der Religionen gemeinsam mit der Fachstelle Integration und Inklusion der Stadt Fulda. In dem so entstehenden Dialog werde nicht selten deutlich, dass die Gemeinden vor sehr \u00e4hnlichen Fragestellungen und Problemen stehen, die dann gemeinsam angegangen werden k\u00f6nnen. \u201eIn Zeiten wie diesen ist das so wichtig wie nie\u201c, so Staubach weiter.<br \/>\nIn der Vergangenheit hat der Runde Tisch bereits gegenseitige Gotteshausbesuche, konfessions\u00fcbergreifende Friedensgebete sowie interreligi\u00f6se Vortrags- und Gespr\u00e4chsabende organisiert. Die n\u00e4chste \u00f6ffentliche Aktion ist ein interreligi\u00f6ser Stadtspaziergang am Sonntag dem 3. September unter dem Motto \u201eReligionen auf dem Weg\u201c. Laut den Organisatoren ist es die erste Veranstaltung dieser Art in Fulda.<\/p>\n<p>Pfarrer Winfried Bittner nimmt als Islambeauftragter des Bistums Fulda am Runden Tisch der Religionen teil. \u201eWir m\u00f6chten nicht nur unter uns bleiben, sondern einen offenen Dialog f\u00fchren\u201c, stellt er klar. So k\u00f6nnen alle interessierten B\u00fcrgerinnen und B\u00fcrger Fuldas an dem Spaziergang der besonderen Art teilnehmen, die Gottesh\u00e4user erkunden und mit Gl\u00e4ubigen anderer Konfession und Religion ins Gespr\u00e4ch kommen.<\/p>\n<p>Start des rund dreieinhalb Kilometer langen Spaziergangs ist um 14 Uhr bei der DITIB-Moschee-Gemeinde in der Max-Reger-Stra\u00dfe 8. Von dort geht es zur der im Bau befindlichen Moschee der Ahmadiyya-Gemeinde und anschlie\u00dfend zur katholischen Sankt Sturmius-Kirche und der evangelischen Lutherkirche. Die letzte Station ist die J\u00fcdische Gemeinde in der Von-Schildeck-Stra\u00dfe 13, wo die Veranstaltung gegen 17 Uhr endet. Bei den Gottesh\u00e4usern wird dabei jeweils ein Stopp eingelegt. Dort kann man sich in Ruhe in den Gottesh\u00e4usern umsehen und sich mit den jeweiligen Gastgebern \u00fcber die Glaubensgrunds\u00e4tze und das Gemeindeleben unterhalten. \u201eWir m\u00f6chten, dass die Besucher die religi\u00f6se Vielfalt in Fulda authentisch und konkret erfahren k\u00f6nnen\u201c, so Bittner. <\/p>\n<p>Alle Gemeinden wollen Offenheit und Begegnungsbereitschaft signalisieren und erhoffen sich, Hemmungen auf allen Seiten abzubauen. \u201eVielleicht\u201c, so Staubach, \u201ewird so deutlich, dass der Andere doch nicht so fremd ist, wie man denkt.\u201c<\/p>\n","protected":false},"excerpt":{"rendered":"<div class=\"tmnf_excerpt\"><p>Der Runde Tisch der Religionen engagiert sich seit f\u00fcnf Jahren f\u00fcr einen lebendigen Austausch zwischen den unterschiedlichen Glaubensgemeinschaften in Fulda. Vertreter von christlichen, muslimischen und j\u00fcdischen Gemeinden laden am 3. September im Rahmen der Interkulturellen Woche zu einem interreligi\u00f6sen Stadtspaziergang ein. Das Signal: Offenheit und Begegnungsbereitschaft. In Fulda sind viele Religionen zu Hause. Dass diese &hellip;<\/p>\n<\/div>","protected":false},"author":1,"featured_media":166847,"comment_status":"closed","ping_status":"closed","sticky":false,"template":"","format":"standard","meta":{"footnotes":""},"categories":[1],"tags":[],"class_list":["post-166837","post","type-post","status-publish","format-standard","has-post-thumbnail","hentry","category-startseite"],"_links":{"self":[{"href":"https:\/\/www.fuldaernachrichten.de\/index.php?rest_route=\/wp\/v2\/posts\/166837","targetHints":{"allow":["GET"]}}],"collection":[{"href":"https:\/\/www.fuldaernachrichten.de\/index.php?rest_route=\/wp\/v2\/posts"}],"about":[{"href":"https:\/\/www.fuldaernachrichten.de\/index.php?rest_route=\/wp\/v2\/types\/post"}],"author":[{"embeddable":true,"href":"https:\/\/www.fuldaernachrichten.de\/index.php?rest_route=\/wp\/v2\/users\/1"}],"replies":[{"embeddable":true,"href":"https:\/\/www.fuldaernachrichten.de\/index.php?rest_route=%2Fwp%2Fv2%2Fcomments&post=166837"}],"version-history":[{"count":1,"href":"https:\/\/www.fuldaernachrichten.de\/index.php?rest_route=\/wp\/v2\/posts\/166837\/revisions"}],"predecessor-version":[{"id":166848,"href":"https:\/\/www.fuldaernachrichten.de\/index.php?rest_route=\/wp\/v2\/posts\/166837\/revisions\/166848"}],"wp:featuredmedia":[{"embeddable":true,"href":"https:\/\/www.fuldaernachrichten.de\/index.php?rest_route=\/wp\/v2\/media\/166847"}],"wp:attachment":[{"href":"https:\/\/www.fuldaernachrichten.de\/index.php?rest_route=%2Fwp%2Fv2%2Fmedia&parent=166837"}],"wp:term":[{"taxonomy":"category","embeddable":true,"href":"https:\/\/www.fuldaernachrichten.de\/index.php?rest_route=%2Fwp%2Fv2%2Fcategories&post=166837"},{"taxonomy":"post_tag","embeddable":true,"href":"https:\/\/www.fuldaernachrichten.de\/index.php?rest_route=%2Fwp%2Fv2%2Ftags&post=166837"}],"curies":[{"name":"wp","href":"https:\/\/api.w.org\/{rel}","templated":true}]}}