{"id":166824,"date":"2017-08-30T06:57:36","date_gmt":"2017-08-30T04:57:36","guid":{"rendered":"http:\/\/www.fuldaer-nachrichten.de\/?p=166824"},"modified":"2017-08-30T06:57:36","modified_gmt":"2017-08-30T04:57:36","slug":"eroeffnung-des-neuen-klostercafes-auf-dem-frauenberg","status":"publish","type":"post","link":"https:\/\/www.fuldaernachrichten.de\/?p=166824","title":{"rendered":"Er\u00f6ffnung des neuen Klostercaf\u00e9s auf dem Frauenberg"},"content":{"rendered":"<p>Am Sonntag, den 3. September 2017, ist es soweit: Das neue Klostercaf\u00e9 auf dem Frauenberg wird er\u00f6ffnet. Die gemeinsame Einweihungsfeier von den Franziskaner und antonius beginnt um 10.30 Uhr mit einem Festgottesdienst in der Klosterkirche. Zelebrant ist der Provinzial der Deutschen Franziskanerprovinz, Pater Dr. Cornelius Bohl. F\u00fcr musikalische Begleitung sorgen der Gospelchor Sing and Pray gemeinsam mit dem Musikverein 1894 Fulda-Horas e. V., dem antonius Chor und Herrn Wolfang Bolst an der Orgel. Im Anschluss findet die offizielle Er\u00f6ffnung statt und das Geheimnis um den Namen des neuen Caf\u00e9s wird gel\u00fcftet. <\/p>\n<p>Ab 12.30 Uhr beginnt das bunte Rahmenprogramm f\u00fcr die ganze Familie. Alle G\u00e4ste sind herzlich eingeladen, ein paar fr\u00f6hliche Stunden auf dem Frauenberg zu verbringen. Sie haben erstmals die Gelegenheit das hauseigene Bier \u201eFrauenberger Frohnatur\u201c zu probieren. Dazu werden kulinarische K\u00f6stlichkeiten, wie Kartoffeln mit Kr\u00e4uterquark mit Kr\u00e4utern aus dem Klostergarten und Flammkuchen angeboten. <\/p>\n<p>Ab 9.30 Uhr k\u00f6nnen Besucher den Shuttleservice nutzen, der ab der Weimarer Stra\u00dfe zum Frauenberg f\u00e4hrt.<br \/>\nDas Klostercaf\u00e9 ist Teil des neuen Stiftungsprojekts Zukunft Frauenberg der St. Antonius-Stiftung. Hier entsteht ein Ort f\u00fcr Gespr\u00e4che und Begegnungen zwischen Franziskanern und der B\u00fcrgerschaft, zwischen Menschen mit und ohne Behinderung sowie Menschen unterschiedlicher Kulturen. <\/p>\n","protected":false},"excerpt":{"rendered":"<div class=\"tmnf_excerpt\"><p>Am Sonntag, den 3. September 2017, ist es soweit: Das neue Klostercaf\u00e9 auf dem Frauenberg wird er\u00f6ffnet. Die gemeinsame Einweihungsfeier von den Franziskaner und antonius beginnt um 10.30 Uhr mit einem Festgottesdienst in der Klosterkirche. Zelebrant ist der Provinzial der Deutschen Franziskanerprovinz, Pater Dr. Cornelius Bohl. F\u00fcr musikalische Begleitung sorgen der Gospelchor Sing and Pray &hellip;<\/p>\n<\/div>","protected":false},"author":1,"featured_media":166833,"comment_status":"closed","ping_status":"closed","sticky":false,"template":"","format":"standard","meta":{"footnotes":""},"categories":[1],"tags":[],"class_list":["post-166824","post","type-post","status-publish","format-standard","has-post-thumbnail","hentry","category-startseite"],"_links":{"self":[{"href":"https:\/\/www.fuldaernachrichten.de\/index.php?rest_route=\/wp\/v2\/posts\/166824","targetHints":{"allow":["GET"]}}],"collection":[{"href":"https:\/\/www.fuldaernachrichten.de\/index.php?rest_route=\/wp\/v2\/posts"}],"about":[{"href":"https:\/\/www.fuldaernachrichten.de\/index.php?rest_route=\/wp\/v2\/types\/post"}],"author":[{"embeddable":true,"href":"https:\/\/www.fuldaernachrichten.de\/index.php?rest_route=\/wp\/v2\/users\/1"}],"replies":[{"embeddable":true,"href":"https:\/\/www.fuldaernachrichten.de\/index.php?rest_route=%2Fwp%2Fv2%2Fcomments&post=166824"}],"version-history":[{"count":1,"href":"https:\/\/www.fuldaernachrichten.de\/index.php?rest_route=\/wp\/v2\/posts\/166824\/revisions"}],"predecessor-version":[{"id":166835,"href":"https:\/\/www.fuldaernachrichten.de\/index.php?rest_route=\/wp\/v2\/posts\/166824\/revisions\/166835"}],"wp:featuredmedia":[{"embeddable":true,"href":"https:\/\/www.fuldaernachrichten.de\/index.php?rest_route=\/wp\/v2\/media\/166833"}],"wp:attachment":[{"href":"https:\/\/www.fuldaernachrichten.de\/index.php?rest_route=%2Fwp%2Fv2%2Fmedia&parent=166824"}],"wp:term":[{"taxonomy":"category","embeddable":true,"href":"https:\/\/www.fuldaernachrichten.de\/index.php?rest_route=%2Fwp%2Fv2%2Fcategories&post=166824"},{"taxonomy":"post_tag","embeddable":true,"href":"https:\/\/www.fuldaernachrichten.de\/index.php?rest_route=%2Fwp%2Fv2%2Ftags&post=166824"}],"curies":[{"name":"wp","href":"https:\/\/api.w.org\/{rel}","templated":true}]}}