{"id":166822,"date":"2017-08-30T06:59:03","date_gmt":"2017-08-30T04:59:03","guid":{"rendered":"http:\/\/www.fuldaer-nachrichten.de\/?p=166822"},"modified":"2017-08-30T06:59:03","modified_gmt":"2017-08-30T04:59:03","slug":"mdb-wolfgang-strengmann-kuhn-zu-gast-in-alsfeld","status":"publish","type":"post","link":"https:\/\/www.fuldaernachrichten.de\/?p=166822","title":{"rendered":"MdB Wolfgang Strengmann-Kuhn zu Gast in Alsfeld"},"content":{"rendered":"<p>Am Donnerstag, 10. August war der Bundestagsabgeordnete Wolfgang Strengmann-Kuhn auf Einladung des Kreisverbandes von B\u00fcndnis 90\/Die Gr\u00fcnen zu einem Vortrag in Alsfeld. Im Hotel Klingelh\u00f6ffer hielt er einen Vortrag \u00fcber gr\u00fcne Sozialpolitik und erl\u00e4uterte seine Position zum bedingungslosen Grundeinkommen.<\/p>\n<p>Wolfgang Strengmann-Kuhn, Jahrgang 1964 ist promovierter und habilitierter Wirtschaftswissenschaftler. Er ist seit 1981 Mitglied bei den Gr\u00fcnen und hatte 2008 erstmals einen Platz im Deutschen Bundestag. Heute ist er in der Fraktion von B\u00fcndnis 90\/Die Gr\u00fcnen Sprecher f\u00fcr Sozialpolitik, Mitglied im Europaausschuss und stellvertretendes Mitglied im Ausschuss f\u00fcr Arbeit und Soziales. Er hat pr\u00e4gend an den Passagen zur Sozialpolitik im aktuellen Wahlprogramm mitgearbeitet.<\/p>\n<p>Der Bundestagsabgeordnete stellte die sozialpolitischen Punkte des Wahlprogramms vor. Das durchgehende Thema dabei ist die Gerechtigkeit. Das Rentensystem soll durch eine B\u00fcrger*innenversicherung und eine Garantierente stabilisiert und fairer werden. Es soll eine M\u00f6glichkeit geschaffen werden, schon ab 60 eine Teilrente in Anspruch zu nehmen. Bei der Familien- und Kinderpolitik soll ein Familienbudget daf\u00fcr sorgen, dass Kinder aus der Armutsfalle geholt werden. Statt Hilfsprogramme f\u00fcr Familien kleinteilig an vielen Stellen anzubieten, sollen diese geb\u00fcndelt und entb\u00fcrokratisiert werden. Vom Familienbudget profitieren insbesondere Familien mit geringem bis mittlerem Einkommen.<\/p>\n<p>Strengmann-Kuhn besch\u00e4ftigt sich schon lange mit dem bedingungslosen Grundeinkommen (BGE). Das Konzept, dass alle B\u00fcrger*innen eine feste Unterst\u00fctzung erhalten, ist umstritten, findet jedoch immer mehr F\u00fcrsprecher. Strengmann-Kuhn stellte in Grundz\u00fcgen ein Modell vor, in dem alle B\u00fcrger*innen monatlich 500 Euro bei einem einheitlichen Steuersatz von 35% erhalten. Auch Modelle mit einem Grundeinkommen von 800 bzw. 1000 Euro werden diskutiert. Durch das Grundeinkommen k\u00e4men gerade Geringverdiener zu einem h\u00f6heren Nettoverdienst und die Steuerlast w\u00e4re gerechter verteilt.<\/p>\n","protected":false},"excerpt":{"rendered":"<div class=\"tmnf_excerpt\"><p>Am Donnerstag, 10. August war der Bundestagsabgeordnete Wolfgang Strengmann-Kuhn auf Einladung des Kreisverbandes von B\u00fcndnis 90\/Die Gr\u00fcnen zu einem Vortrag in Alsfeld. Im Hotel Klingelh\u00f6ffer hielt er einen Vortrag \u00fcber gr\u00fcne Sozialpolitik und erl\u00e4uterte seine Position zum bedingungslosen Grundeinkommen. Wolfgang Strengmann-Kuhn, Jahrgang 1964 ist promovierter und habilitierter Wirtschaftswissenschaftler. Er ist seit 1981 Mitglied bei den &hellip;<\/p>\n<\/div>","protected":false},"author":1,"featured_media":166842,"comment_status":"closed","ping_status":"closed","sticky":false,"template":"","format":"standard","meta":{"footnotes":""},"categories":[1],"tags":[],"class_list":["post-166822","post","type-post","status-publish","format-standard","has-post-thumbnail","hentry","category-startseite"],"_links":{"self":[{"href":"https:\/\/www.fuldaernachrichten.de\/index.php?rest_route=\/wp\/v2\/posts\/166822","targetHints":{"allow":["GET"]}}],"collection":[{"href":"https:\/\/www.fuldaernachrichten.de\/index.php?rest_route=\/wp\/v2\/posts"}],"about":[{"href":"https:\/\/www.fuldaernachrichten.de\/index.php?rest_route=\/wp\/v2\/types\/post"}],"author":[{"embeddable":true,"href":"https:\/\/www.fuldaernachrichten.de\/index.php?rest_route=\/wp\/v2\/users\/1"}],"replies":[{"embeddable":true,"href":"https:\/\/www.fuldaernachrichten.de\/index.php?rest_route=%2Fwp%2Fv2%2Fcomments&post=166822"}],"version-history":[{"count":1,"href":"https:\/\/www.fuldaernachrichten.de\/index.php?rest_route=\/wp\/v2\/posts\/166822\/revisions"}],"predecessor-version":[{"id":166843,"href":"https:\/\/www.fuldaernachrichten.de\/index.php?rest_route=\/wp\/v2\/posts\/166822\/revisions\/166843"}],"wp:featuredmedia":[{"embeddable":true,"href":"https:\/\/www.fuldaernachrichten.de\/index.php?rest_route=\/wp\/v2\/media\/166842"}],"wp:attachment":[{"href":"https:\/\/www.fuldaernachrichten.de\/index.php?rest_route=%2Fwp%2Fv2%2Fmedia&parent=166822"}],"wp:term":[{"taxonomy":"category","embeddable":true,"href":"https:\/\/www.fuldaernachrichten.de\/index.php?rest_route=%2Fwp%2Fv2%2Fcategories&post=166822"},{"taxonomy":"post_tag","embeddable":true,"href":"https:\/\/www.fuldaernachrichten.de\/index.php?rest_route=%2Fwp%2Fv2%2Ftags&post=166822"}],"curies":[{"name":"wp","href":"https:\/\/api.w.org\/{rel}","templated":true}]}}