{"id":166819,"date":"2017-08-30T06:55:32","date_gmt":"2017-08-30T04:55:32","guid":{"rendered":"http:\/\/www.fuldaer-nachrichten.de\/?p=166819"},"modified":"2017-08-30T06:55:32","modified_gmt":"2017-08-30T04:55:32","slug":"jugenddezernent-und-jugendamtsleiterin-zu-besuch-im-haus-wildgaense","status":"publish","type":"post","link":"https:\/\/www.fuldaernachrichten.de\/?p=166819","title":{"rendered":"Jugenddezernent und Jugendamtsleiterin zu Besuch im &#8220;Haus Wildg\u00e4nse&#8221;"},"content":{"rendered":"<p>Ein blaues Holzhaus zum Wohnen, ein Fachwerkhaus mit Gruppen- und Therapier\u00e4umen, ein weiteres Nebengeb\u00e4ude mit Unterrichts- und Werkstattr\u00e4umen, dazwischen ganz viel Gr\u00fcn mit einer Feuerstelle, Hochbeet und Gew\u00e4chshaus \u2013 so sieht es aus, das Gel\u00e4nde vom \u201eHaus Wildg\u00e4nse\u201c in Schwalmtal-Renzendorf. In dieser Einrichtung der Jugendhilfe finden Jugendliche zwischen 14 und 21 Jahren \u2013 vornehmlich solche mit Suchtproblemen \u2013 ein Zuhause auf Zeit. Der Aufenthalt kann zwei Wochen oder auch vier Jahre dauern, im Schnitt sind es 16 Monate, die die Jugendlichen dort leben, Unterst\u00fctzung und Therapie erhalten.<\/p>\n<p>Von dem besonderen Konzept des Hauses konnte sich Vizelandrat und Jugenddezernent Dr. Jens Mischak (CDU) bei seinem Besuch mit Jugendamtsleiterin Dagmar Scherer einen pers\u00f6nlichen Eindruck verschaffen. \u201eIch finde das hier sehr interessant \u2013 auch, weil ich mich schon oft gefragt habe, wo diejenigen landen, denen vom Gericht Therapie statt Strafe auferlegt wurde.\u201c Der 16-j\u00e4hrige J. ist ein solches Beispiel: Er hat seit seinem 12. Lebensjahr Drogen konsumiert, wurde schlie\u00dflich kriminell und beging Diebstahl. Nach seiner Verurteilung landete er bei den Wildg\u00e4nsen.<br \/>\nJugendliche und junge Erwachsene aus ganz Hessen, die unter psychiatrischen Auff\u00e4lligkeiten und Suchterkrankungen leiden, werden hier aufgenommen. Regelm\u00e4\u00dfige Alkohol- und Urinkontrollen sowie striktes Alkohol- und Drogenverbot auf dem Gel\u00e4nde geh\u00f6ren ebenso dazu wie ein Stufenmodell, bei dem die Jugendlichen Punkte sammeln und sich dadurch pers\u00f6nliche Freir\u00e4ume erarbeiten k\u00f6nnen.<\/p>\n<p>\u201eZurzeit sind es acht junge Menschen, die betreut und therapiert werden\u201c, so Einrichtungsleiter Florian Hill, \u201ef\u00fcr die elf Pl\u00e4tze haben wir 19 Mitarbeiterinnen und Mitarbeiter unterschiedlicher p\u00e4dagogischer und therapeutischer Berufsgruppen, die mit den Jugendlichen arbeiten.\u201c Sie alle helfen dabei, dass sie wieder eine Struktur finden \u2013 nicht nur eine Tagesstruktur. \u201eSie sollen auch ihre Pers\u00f6nlichkeit entwickeln und irgendwann ein selbstst\u00e4ndiges und gesundes Erwachsenenleben f\u00fchren k\u00f6nnen\u201c, erkl\u00e4rt Hill die Zielsetzung.<\/p>\n","protected":false},"excerpt":{"rendered":"<div class=\"tmnf_excerpt\"><p>Ein blaues Holzhaus zum Wohnen, ein Fachwerkhaus mit Gruppen- und Therapier\u00e4umen, ein weiteres Nebengeb\u00e4ude mit Unterrichts- und Werkstattr\u00e4umen, dazwischen ganz viel Gr\u00fcn mit einer Feuerstelle, Hochbeet und Gew\u00e4chshaus \u2013 so sieht es aus, das Gel\u00e4nde vom \u201eHaus Wildg\u00e4nse\u201c in Schwalmtal-Renzendorf. In dieser Einrichtung der Jugendhilfe finden Jugendliche zwischen 14 und 21 Jahren \u2013 vornehmlich solche &hellip;<\/p>\n<\/div>","protected":false},"author":1,"featured_media":166825,"comment_status":"closed","ping_status":"closed","sticky":false,"template":"","format":"standard","meta":{"footnotes":""},"categories":[1],"tags":[],"class_list":["post-166819","post","type-post","status-publish","format-standard","has-post-thumbnail","hentry","category-startseite"],"_links":{"self":[{"href":"https:\/\/www.fuldaernachrichten.de\/index.php?rest_route=\/wp\/v2\/posts\/166819","targetHints":{"allow":["GET"]}}],"collection":[{"href":"https:\/\/www.fuldaernachrichten.de\/index.php?rest_route=\/wp\/v2\/posts"}],"about":[{"href":"https:\/\/www.fuldaernachrichten.de\/index.php?rest_route=\/wp\/v2\/types\/post"}],"author":[{"embeddable":true,"href":"https:\/\/www.fuldaernachrichten.de\/index.php?rest_route=\/wp\/v2\/users\/1"}],"replies":[{"embeddable":true,"href":"https:\/\/www.fuldaernachrichten.de\/index.php?rest_route=%2Fwp%2Fv2%2Fcomments&post=166819"}],"version-history":[{"count":1,"href":"https:\/\/www.fuldaernachrichten.de\/index.php?rest_route=\/wp\/v2\/posts\/166819\/revisions"}],"predecessor-version":[{"id":166826,"href":"https:\/\/www.fuldaernachrichten.de\/index.php?rest_route=\/wp\/v2\/posts\/166819\/revisions\/166826"}],"wp:featuredmedia":[{"embeddable":true,"href":"https:\/\/www.fuldaernachrichten.de\/index.php?rest_route=\/wp\/v2\/media\/166825"}],"wp:attachment":[{"href":"https:\/\/www.fuldaernachrichten.de\/index.php?rest_route=%2Fwp%2Fv2%2Fmedia&parent=166819"}],"wp:term":[{"taxonomy":"category","embeddable":true,"href":"https:\/\/www.fuldaernachrichten.de\/index.php?rest_route=%2Fwp%2Fv2%2Fcategories&post=166819"},{"taxonomy":"post_tag","embeddable":true,"href":"https:\/\/www.fuldaernachrichten.de\/index.php?rest_route=%2Fwp%2Fv2%2Ftags&post=166819"}],"curies":[{"name":"wp","href":"https:\/\/api.w.org\/{rel}","templated":true}]}}