{"id":166815,"date":"2017-08-30T06:53:51","date_gmt":"2017-08-30T04:53:51","guid":{"rendered":"http:\/\/www.fuldaer-nachrichten.de\/?p=166815"},"modified":"2017-08-30T06:53:51","modified_gmt":"2017-08-30T04:53:51","slug":"probleme-mit-mathematik-2","status":"publish","type":"post","link":"https:\/\/www.fuldaernachrichten.de\/?p=166815","title":{"rendered":"Probleme mit Mathematik"},"content":{"rendered":"<p>Ein Kurs der Volkshochschule des Vogelsbergkreises beginnt am Dienstag, den 05.09.2017, von 14:00 Uhr bis 15:30 Uhr. Er findet in Schlitz, Gesamtschule, Raum 107 statt.<\/p>\n<p>Bereiten Alptr\u00e4ume dir Qualen, von Br\u00fcchen, Prim- und Kommazahlen und du kannst es gar nicht lassen Wurzeln abgrundtief zu hassen, wenn du dein Rechenheft zerst\u00f6rst, nur weil du von Parabeln h\u00f6rst, dann dreht sich alles nur um Mathe, &#8220;Das d\u00fcmmste Fach, das ich je hatte!&#8221;. Doch schmei\u00df die Flinte nicht ins Korn, denn es ist noch nichts verlor&#8217;n, durch Teamwork werden wir entdecken, wo die fiesen Fehler stecken! Schwupps &#8211; dir geht ein Lichtlein auf und du kommst von selber drauf: &#8220;Wow, ich h\u00e4tte nie gedacht, wie viel Spa\u00df mir Mathe macht!&#8221;<\/p>\n<p>Weitere Informationen und Anmeldungen bei der Volkshochschule, Im Klaggarten 6, 36304 Alsfeld, Tel.: 06631\/792-7820, www.vhs-vogelsberg.de <\/p>\n","protected":false},"excerpt":{"rendered":"<div class=\"tmnf_excerpt\"><p>Ein Kurs der Volkshochschule des Vogelsbergkreises beginnt am Dienstag, den 05.09.2017, von 14:00 Uhr bis 15:30 Uhr. Er findet in Schlitz, Gesamtschule, Raum 107 statt. Bereiten Alptr\u00e4ume dir Qualen, von Br\u00fcchen, Prim- und Kommazahlen und du kannst es gar nicht lassen Wurzeln abgrundtief zu hassen, wenn du dein Rechenheft zerst\u00f6rst, nur weil du von Parabeln &hellip;<\/p>\n<\/div>","protected":false},"author":1,"featured_media":0,"comment_status":"closed","ping_status":"closed","sticky":false,"template":"","format":"standard","meta":{"footnotes":""},"categories":[1],"tags":[],"class_list":["post-166815","post","type-post","status-publish","format-standard","hentry","category-startseite"],"_links":{"self":[{"href":"https:\/\/www.fuldaernachrichten.de\/index.php?rest_route=\/wp\/v2\/posts\/166815","targetHints":{"allow":["GET"]}}],"collection":[{"href":"https:\/\/www.fuldaernachrichten.de\/index.php?rest_route=\/wp\/v2\/posts"}],"about":[{"href":"https:\/\/www.fuldaernachrichten.de\/index.php?rest_route=\/wp\/v2\/types\/post"}],"author":[{"embeddable":true,"href":"https:\/\/www.fuldaernachrichten.de\/index.php?rest_route=\/wp\/v2\/users\/1"}],"replies":[{"embeddable":true,"href":"https:\/\/www.fuldaernachrichten.de\/index.php?rest_route=%2Fwp%2Fv2%2Fcomments&post=166815"}],"version-history":[{"count":1,"href":"https:\/\/www.fuldaernachrichten.de\/index.php?rest_route=\/wp\/v2\/posts\/166815\/revisions"}],"predecessor-version":[{"id":166820,"href":"https:\/\/www.fuldaernachrichten.de\/index.php?rest_route=\/wp\/v2\/posts\/166815\/revisions\/166820"}],"wp:attachment":[{"href":"https:\/\/www.fuldaernachrichten.de\/index.php?rest_route=%2Fwp%2Fv2%2Fmedia&parent=166815"}],"wp:term":[{"taxonomy":"category","embeddable":true,"href":"https:\/\/www.fuldaernachrichten.de\/index.php?rest_route=%2Fwp%2Fv2%2Fcategories&post=166815"},{"taxonomy":"post_tag","embeddable":true,"href":"https:\/\/www.fuldaernachrichten.de\/index.php?rest_route=%2Fwp%2Fv2%2Ftags&post=166815"}],"curies":[{"name":"wp","href":"https:\/\/api.w.org\/{rel}","templated":true}]}}