{"id":166812,"date":"2017-08-30T06:52:42","date_gmt":"2017-08-30T04:52:42","guid":{"rendered":"http:\/\/www.fuldaer-nachrichten.de\/?p=166812"},"modified":"2017-08-30T06:52:42","modified_gmt":"2017-08-30T04:52:42","slug":"sonniger-rhoen-ausflug-fuer-pflegebeduerftige","status":"publish","type":"post","link":"https:\/\/www.fuldaernachrichten.de\/?p=166812","title":{"rendered":"Sonniger Rh\u00f6n-Ausflug f\u00fcr Pflegebed\u00fcrftige"},"content":{"rendered":"<p>Es ist nicht nur ein besonderes Service-Angebot f\u00fcr Kunden, sondern auch gelebte Tradition: Bereits zum zehnten Mal nahmen Kunden von Mediana Mobil, gemeinsam mit Angeh\u00f6rigen und G\u00e4sten am j\u00e4hrlichen gef\u00fchrten Busausflug in unsere Heimat Rh\u00f6n teil. Im Mittelpunkt der diesj\u00e4hrigen Ausflugsfahrt standen vor allem das Kaffetrinken im Th\u00fcringer Rh\u00f6nh\u00e4uschen sowie ein Blick auf den neuerrichteten Aussichtsturm auf dem Ellenbogen, \u201eNoahs Segel\u201c.<\/p>\n<p>Bild: Sichtlich begeistert \u00fcber die Sch\u00f6nheit der Th\u00fcringer Rh\u00f6n waren die 25 Teilnehmer der Ausflugsfahrt zum Ellenbogen sowie das 8 k\u00f6pfige Begleitungs-Team von Mediana Mobil.<\/p>\n","protected":false},"excerpt":{"rendered":"<div class=\"tmnf_excerpt\"><p>Es ist nicht nur ein besonderes Service-Angebot f\u00fcr Kunden, sondern auch gelebte Tradition: Bereits zum zehnten Mal nahmen Kunden von Mediana Mobil, gemeinsam mit Angeh\u00f6rigen und G\u00e4sten am j\u00e4hrlichen gef\u00fchrten Busausflug in unsere Heimat Rh\u00f6n teil. Im Mittelpunkt der diesj\u00e4hrigen Ausflugsfahrt standen vor allem das Kaffetrinken im Th\u00fcringer Rh\u00f6nh\u00e4uschen sowie ein Blick auf den neuerrichteten &hellip;<\/p>\n<\/div>","protected":false},"author":1,"featured_media":166813,"comment_status":"closed","ping_status":"closed","sticky":false,"template":"","format":"standard","meta":{"footnotes":""},"categories":[1],"tags":[],"class_list":["post-166812","post","type-post","status-publish","format-standard","has-post-thumbnail","hentry","category-startseite"],"_links":{"self":[{"href":"https:\/\/www.fuldaernachrichten.de\/index.php?rest_route=\/wp\/v2\/posts\/166812","targetHints":{"allow":["GET"]}}],"collection":[{"href":"https:\/\/www.fuldaernachrichten.de\/index.php?rest_route=\/wp\/v2\/posts"}],"about":[{"href":"https:\/\/www.fuldaernachrichten.de\/index.php?rest_route=\/wp\/v2\/types\/post"}],"author":[{"embeddable":true,"href":"https:\/\/www.fuldaernachrichten.de\/index.php?rest_route=\/wp\/v2\/users\/1"}],"replies":[{"embeddable":true,"href":"https:\/\/www.fuldaernachrichten.de\/index.php?rest_route=%2Fwp%2Fv2%2Fcomments&post=166812"}],"version-history":[{"count":1,"href":"https:\/\/www.fuldaernachrichten.de\/index.php?rest_route=\/wp\/v2\/posts\/166812\/revisions"}],"predecessor-version":[{"id":166814,"href":"https:\/\/www.fuldaernachrichten.de\/index.php?rest_route=\/wp\/v2\/posts\/166812\/revisions\/166814"}],"wp:featuredmedia":[{"embeddable":true,"href":"https:\/\/www.fuldaernachrichten.de\/index.php?rest_route=\/wp\/v2\/media\/166813"}],"wp:attachment":[{"href":"https:\/\/www.fuldaernachrichten.de\/index.php?rest_route=%2Fwp%2Fv2%2Fmedia&parent=166812"}],"wp:term":[{"taxonomy":"category","embeddable":true,"href":"https:\/\/www.fuldaernachrichten.de\/index.php?rest_route=%2Fwp%2Fv2%2Fcategories&post=166812"},{"taxonomy":"post_tag","embeddable":true,"href":"https:\/\/www.fuldaernachrichten.de\/index.php?rest_route=%2Fwp%2Fv2%2Ftags&post=166812"}],"curies":[{"name":"wp","href":"https:\/\/api.w.org\/{rel}","templated":true}]}}