{"id":166808,"date":"2017-08-30T06:56:27","date_gmt":"2017-08-30T04:56:27","guid":{"rendered":"http:\/\/www.fuldaer-nachrichten.de\/?p=166808"},"modified":"2017-08-30T06:56:27","modified_gmt":"2017-08-30T04:56:27","slug":"kinder-und-jugendflohmarkt-am-2-september","status":"publish","type":"post","link":"https:\/\/www.fuldaernachrichten.de\/?p=166808","title":{"rendered":"Kinder- und Jugendflohmarkt am 2. September"},"content":{"rendered":"<p>Unter Regie durch das Amt f\u00fcr Jugend, Familie und Senioren der Stadt Fulda findet am 02.09.2017 der n\u00e4chste Kinder- und Jugendflohmarkt statt. Veranstaltungsort ist ausnahmsweise nicht der Universit\u00e4tsplatz, sondern der Platz \u201eUnterm Heilig Kreuz\u201c und rund um die Stadtpfarrkirche.<\/p>\n<p>Hier k\u00f6nnen Kinder und Jugendliche bis zum Alter von 26 Jahren ihre Spielsachen, Kleidung. Fahrr\u00e4der etc. verkaufen, um z.B. Geld f\u00fcr neue Anschaffungen zu sparen. Kommerzielle H\u00e4ndler erhalten keine Standfl\u00e4chen. Auch dieses Mal k\u00f6nnen die Flohmarktst\u00e4nde erst ab 08.00 Uhr aufgebaut werden: Dies soll es auch Kindern erm\u00f6glichen, von Beginn an mitzuwirken. Der Abbau der St\u00e4nde erfolgt gegen 13.45 Uhr.<\/p>\n<p>Eine Voranmeldung ist nicht notwendig. Der Flohmarkt wird mit Unterst\u00fctzung von Jugendlichen organisiert. F\u00fcr das leibliche Wohl werden Bratw\u00fcrstchen und Getr\u00e4nke verkauft. Weitere Infos erh\u00e4lt man unter www.fulda.de oder telefonisch unter (0661) 102-1938.<\/p>\n","protected":false},"excerpt":{"rendered":"<div class=\"tmnf_excerpt\"><p>Unter Regie durch das Amt f\u00fcr Jugend, Familie und Senioren der Stadt Fulda findet am 02.09.2017 der n\u00e4chste Kinder- und Jugendflohmarkt statt. Veranstaltungsort ist ausnahmsweise nicht der Universit\u00e4tsplatz, sondern der Platz \u201eUnterm Heilig Kreuz\u201c und rund um die Stadtpfarrkirche. Hier k\u00f6nnen Kinder und Jugendliche bis zum Alter von 26 Jahren ihre Spielsachen, Kleidung. Fahrr\u00e4der etc. &hellip;<\/p>\n<\/div>","protected":false},"author":1,"featured_media":166829,"comment_status":"closed","ping_status":"closed","sticky":false,"template":"","format":"standard","meta":{"footnotes":""},"categories":[1],"tags":[],"class_list":["post-166808","post","type-post","status-publish","format-standard","has-post-thumbnail","hentry","category-startseite"],"_links":{"self":[{"href":"https:\/\/www.fuldaernachrichten.de\/index.php?rest_route=\/wp\/v2\/posts\/166808","targetHints":{"allow":["GET"]}}],"collection":[{"href":"https:\/\/www.fuldaernachrichten.de\/index.php?rest_route=\/wp\/v2\/posts"}],"about":[{"href":"https:\/\/www.fuldaernachrichten.de\/index.php?rest_route=\/wp\/v2\/types\/post"}],"author":[{"embeddable":true,"href":"https:\/\/www.fuldaernachrichten.de\/index.php?rest_route=\/wp\/v2\/users\/1"}],"replies":[{"embeddable":true,"href":"https:\/\/www.fuldaernachrichten.de\/index.php?rest_route=%2Fwp%2Fv2%2Fcomments&post=166808"}],"version-history":[{"count":1,"href":"https:\/\/www.fuldaernachrichten.de\/index.php?rest_route=\/wp\/v2\/posts\/166808\/revisions"}],"predecessor-version":[{"id":166830,"href":"https:\/\/www.fuldaernachrichten.de\/index.php?rest_route=\/wp\/v2\/posts\/166808\/revisions\/166830"}],"wp:featuredmedia":[{"embeddable":true,"href":"https:\/\/www.fuldaernachrichten.de\/index.php?rest_route=\/wp\/v2\/media\/166829"}],"wp:attachment":[{"href":"https:\/\/www.fuldaernachrichten.de\/index.php?rest_route=%2Fwp%2Fv2%2Fmedia&parent=166808"}],"wp:term":[{"taxonomy":"category","embeddable":true,"href":"https:\/\/www.fuldaernachrichten.de\/index.php?rest_route=%2Fwp%2Fv2%2Fcategories&post=166808"},{"taxonomy":"post_tag","embeddable":true,"href":"https:\/\/www.fuldaernachrichten.de\/index.php?rest_route=%2Fwp%2Fv2%2Ftags&post=166808"}],"curies":[{"name":"wp","href":"https:\/\/api.w.org\/{rel}","templated":true}]}}