{"id":166801,"date":"2017-08-30T06:53:28","date_gmt":"2017-08-30T04:53:28","guid":{"rendered":"http:\/\/www.fuldaer-nachrichten.de\/?p=166801"},"modified":"2017-08-30T06:53:28","modified_gmt":"2017-08-30T04:53:28","slug":"spannender-tipp-fuer-die-herbstferien-london-entdecken-und-erleben","status":"publish","type":"post","link":"https:\/\/www.fuldaernachrichten.de\/?p=166801","title":{"rendered":"Spannender Tipp f\u00fcr die Herbstferien &#8211; London entdecken und erleben"},"content":{"rendered":"<p>Unter dem Motto \u201eThe British Way of Life\u201c f\u00fchrt das Jugendbildungswerk der Stadt Fulda in der 2. Herbstferienwoche vom 16. bis 21. Oktober 2017 eine Entdeckungsreise in die britische Metropole London durch.<\/p>\n<p>Auf dem Programm stehen die Erkundung von Gemeinsamkeiten und Unterschieden zwischen dem Vereinigten K\u00f6nigreich und Deutschland, der bevorstehende Brexit und der Besuch der weltber\u00fchmten Sehensw\u00fcrdigkeiten wie Buckingham Palace, Houses of Parliament, British Museum, Tower Bridge und Hyde Park.<\/p>\n<p>Eingeladen sind junge Menschen zwischen 16 und 27 Jahren.<\/p>\n<p>F\u00fcr alle Interessierten stehen noch freie Pl\u00e4tze zur Verf\u00fcgung, Anmeldungen sind unter www.bildung-freizeit.de m\u00f6glich.<\/p>\n<p>Genauere Informationen erteilt Ulli Greb unter Telefon (0661) 102-1990.<\/p>\n","protected":false},"excerpt":{"rendered":"<div class=\"tmnf_excerpt\"><p>Unter dem Motto \u201eThe British Way of Life\u201c f\u00fchrt das Jugendbildungswerk der Stadt Fulda in der 2. Herbstferienwoche vom 16. bis 21. Oktober 2017 eine Entdeckungsreise in die britische Metropole London durch. Auf dem Programm stehen die Erkundung von Gemeinsamkeiten und Unterschieden zwischen dem Vereinigten K\u00f6nigreich und Deutschland, der bevorstehende Brexit und der Besuch der &hellip;<\/p>\n<\/div>","protected":false},"author":1,"featured_media":0,"comment_status":"closed","ping_status":"closed","sticky":false,"template":"","format":"standard","meta":{"footnotes":""},"categories":[1],"tags":[],"class_list":["post-166801","post","type-post","status-publish","format-standard","hentry","category-startseite"],"_links":{"self":[{"href":"https:\/\/www.fuldaernachrichten.de\/index.php?rest_route=\/wp\/v2\/posts\/166801","targetHints":{"allow":["GET"]}}],"collection":[{"href":"https:\/\/www.fuldaernachrichten.de\/index.php?rest_route=\/wp\/v2\/posts"}],"about":[{"href":"https:\/\/www.fuldaernachrichten.de\/index.php?rest_route=\/wp\/v2\/types\/post"}],"author":[{"embeddable":true,"href":"https:\/\/www.fuldaernachrichten.de\/index.php?rest_route=\/wp\/v2\/users\/1"}],"replies":[{"embeddable":true,"href":"https:\/\/www.fuldaernachrichten.de\/index.php?rest_route=%2Fwp%2Fv2%2Fcomments&post=166801"}],"version-history":[{"count":1,"href":"https:\/\/www.fuldaernachrichten.de\/index.php?rest_route=\/wp\/v2\/posts\/166801\/revisions"}],"predecessor-version":[{"id":166817,"href":"https:\/\/www.fuldaernachrichten.de\/index.php?rest_route=\/wp\/v2\/posts\/166801\/revisions\/166817"}],"wp:attachment":[{"href":"https:\/\/www.fuldaernachrichten.de\/index.php?rest_route=%2Fwp%2Fv2%2Fmedia&parent=166801"}],"wp:term":[{"taxonomy":"category","embeddable":true,"href":"https:\/\/www.fuldaernachrichten.de\/index.php?rest_route=%2Fwp%2Fv2%2Fcategories&post=166801"},{"taxonomy":"post_tag","embeddable":true,"href":"https:\/\/www.fuldaernachrichten.de\/index.php?rest_route=%2Fwp%2Fv2%2Ftags&post=166801"}],"curies":[{"name":"wp","href":"https:\/\/api.w.org\/{rel}","templated":true}]}}