{"id":166799,"date":"2017-08-30T06:52:14","date_gmt":"2017-08-30T04:52:14","guid":{"rendered":"http:\/\/www.fuldaer-nachrichten.de\/?p=166799"},"modified":"2017-08-30T06:52:14","modified_gmt":"2017-08-30T04:52:14","slug":"fit-im-buero-ms-office-2010-professionell-nutzen","status":"publish","type":"post","link":"https:\/\/www.fuldaernachrichten.de\/?p=166799","title":{"rendered":"Fit im B\u00fcro: MS Office 2010 professionell nutzen"},"content":{"rendered":"<p>Ein Kurs der Volkshochschule des Vogelsbergkreises beginnt am Mittwoch, den 30.08.2017, von 18:00 Uhr bis 21:15 Uhr. Er findet in Lauterbach, vhs, Obergasse 44, Raum 03 statt.<\/p>\n<p>Sie m\u00f6chten Ihre t\u00e4gliche B\u00fcroarbeit effizienter gestalten oder planen als Ein- oder Umsteiger\/in auf MS Office 2010 unter Windows 7 direkt professionell in dieser Sparte starten? Dann wird dieser Kurs der Richtige f\u00fcr Sie sein. Mit dem Office-Paket von Microsoft lassen sich die meisten B\u00fcroanforderungen abdecken. Egal ob Word, Excel, Outlook oder PowerPoint &#8211; all diese Programme sind wahre Multitalente, deren effektive Nutzung vor allem im Verbund enorm arbeitserleichternd sein kann.<\/p>\n<p>Weitere Informationen und Anmeldungen bei der Volkshochschule, Im Klaggarten 6, 36304 Alsfeld, Tel.: 06631\/792-7820, www.vhs-vogelsberg.de<\/p>\n","protected":false},"excerpt":{"rendered":"<div class=\"tmnf_excerpt\"><p>Ein Kurs der Volkshochschule des Vogelsbergkreises beginnt am Mittwoch, den 30.08.2017, von 18:00 Uhr bis 21:15 Uhr. Er findet in Lauterbach, vhs, Obergasse 44, Raum 03 statt. Sie m\u00f6chten Ihre t\u00e4gliche B\u00fcroarbeit effizienter gestalten oder planen als Ein- oder Umsteiger\/in auf MS Office 2010 unter Windows 7 direkt professionell in dieser Sparte starten? Dann wird &hellip;<\/p>\n<\/div>","protected":false},"author":1,"featured_media":0,"comment_status":"closed","ping_status":"closed","sticky":false,"template":"","format":"standard","meta":{"footnotes":""},"categories":[1],"tags":[],"class_list":["post-166799","post","type-post","status-publish","format-standard","hentry","category-startseite"],"_links":{"self":[{"href":"https:\/\/www.fuldaernachrichten.de\/index.php?rest_route=\/wp\/v2\/posts\/166799","targetHints":{"allow":["GET"]}}],"collection":[{"href":"https:\/\/www.fuldaernachrichten.de\/index.php?rest_route=\/wp\/v2\/posts"}],"about":[{"href":"https:\/\/www.fuldaernachrichten.de\/index.php?rest_route=\/wp\/v2\/types\/post"}],"author":[{"embeddable":true,"href":"https:\/\/www.fuldaernachrichten.de\/index.php?rest_route=\/wp\/v2\/users\/1"}],"replies":[{"embeddable":true,"href":"https:\/\/www.fuldaernachrichten.de\/index.php?rest_route=%2Fwp%2Fv2%2Fcomments&post=166799"}],"version-history":[{"count":1,"href":"https:\/\/www.fuldaernachrichten.de\/index.php?rest_route=\/wp\/v2\/posts\/166799\/revisions"}],"predecessor-version":[{"id":166811,"href":"https:\/\/www.fuldaernachrichten.de\/index.php?rest_route=\/wp\/v2\/posts\/166799\/revisions\/166811"}],"wp:attachment":[{"href":"https:\/\/www.fuldaernachrichten.de\/index.php?rest_route=%2Fwp%2Fv2%2Fmedia&parent=166799"}],"wp:term":[{"taxonomy":"category","embeddable":true,"href":"https:\/\/www.fuldaernachrichten.de\/index.php?rest_route=%2Fwp%2Fv2%2Fcategories&post=166799"},{"taxonomy":"post_tag","embeddable":true,"href":"https:\/\/www.fuldaernachrichten.de\/index.php?rest_route=%2Fwp%2Fv2%2Ftags&post=166799"}],"curies":[{"name":"wp","href":"https:\/\/api.w.org\/{rel}","templated":true}]}}