{"id":166788,"date":"2017-08-28T22:34:43","date_gmt":"2017-08-28T20:34:43","guid":{"rendered":"http:\/\/www.fuldaer-nachrichten.de\/?p=166788"},"modified":"2017-08-28T22:34:43","modified_gmt":"2017-08-28T20:34:43","slug":"aus-der-mitte-deutschlands-in-die-welt","status":"publish","type":"post","link":"https:\/\/www.fuldaernachrichten.de\/?p=166788","title":{"rendered":"Aus der Mitte Deutschlands in die Welt"},"content":{"rendered":"<p>Am 21. August konnte der Ortsverband Eichenzell mit 27 Teilnehmern eines der innovativsten Unternehmen in unserer Gemeinde besichtigen. Sehr freundlich wurden wir von den beiden Gesch\u00e4ftsf\u00fchrern Sebastian Wassermann und Eberhard Hahl empfangen, die uns als erstes einen sehr interessanten \u00dcberblick \u00fcber das Unternehmen geben konnten.<\/p>\n<p>WASSERMANN TECHNOLOGIE ist ein inhabergef\u00fchrtes Familienunternehmen, das seit der Gr\u00fcndung f\u00fcr Innovation, h\u00f6chste Qualit\u00e4t und Wachstum steht. Von der Idee \u00fcber die Entwicklung bis hin zur Produktion und Inbetriebnahme stellt WASSERMANN TECHNOLOGIE in enger Zusammenarbeit mit seinen Kunden komplexe Baugruppen f\u00fcr Maschinen her.<\/p>\n<p>Beim Betriebsrundgang konnten alle teilnehmenden Personen nur staunen als wir die zwei Kernbereiche Systemfertigung und Automation kennenlernen durften.<\/p>\n<p>Es hat uns als Mittelst\u00e4ndler besonders gefreut, als Herr Wassermann uns erz\u00e4hlt hat, dass er einen besonderen Focus auf die Ausbildung seiner Mitarbeiter legt. Wassermann Technologie bildet Zerspanungsmechaniker (m\/w), Industriemechaniker (m\/w), Industriekaufmann (m\/w) aus und erm\u00f6glicht den Mitarbeitern in Zusammenarbeit mit verschiedenen Hochschulen das Studium zum: Bachelor &#038; Master of Science &#038; Engineering: Fachrichtung Maschinenbau, Bachelor Wirtschaftsingeneurswesen: Fachrichtung Vertrieb, Bachelor Logistikmanagment.<\/p>\n<p>Wir konnten die hochkomplexen Maschinen, mit denen Autos, Smartphones oder Solarzellen hergestellt werden kennenlernen und waren von den gut organisierten Betriebsabl\u00e4ufen sehr angetan. Besonders interessant war eine Neuentwicklung. Moderne Werkzeugmaschinen besitzen Vorrichtungen, mit denen sie ihre Werkzeuge automatisch wechseln. Oft sind es sehr viele unterschiedliche Werkzeuge, die in unmittelbarer N\u00e4he zu der Maschine vorgehalten werden m\u00fcssen.<\/p>\n<p>Mittelstands-und Wirtschaftsvereinigung der CDU Hessen MIT-Ortsverband Eichenzell Vorsitzender: Andreas Blaschke, Stellvertreter: Hans Hanne, R\u00fcdiger Neidert Schriftf\u00fchrer: Edwin Balzter<\/p>\n<p>Ortsverband Eichenzell<\/p>\n<p>Der von WASSERMANN TECHNOLOGIE entwickelte und zum Teil patentgesch\u00fctzte Werkzeug-Terminal h\u00e4lt eine gro\u00dfe Vielzahl unterschiedlicher Werkzeuge auf kleinstem Raum f\u00fcr den automatisierten Zugriff \u00fcber einen Greiferarm vor.<\/p>\n<p>Neu im Unternehmens Portfolio ist ein neuer Vertriebsweg: WASSERMANN TECHNOLOGIE ist f\u00fcr Luft- und Raumfahrt zertifiziert worden. Das ergibt neue Chancen und M\u00f6glichkeiten als Innovatives Unternehmen in unserer Region zu wachsen. WASSERMANN TECHNOLOGIE wird auf der Airtec 2017 in M\u00fcnchen ausstellen! Das ist die Internationale Fachmesse f\u00fcr Zulieferer der Luft- und Raumfahrt.<\/p>\n<p>Das Unternehmen lebt das Qualit\u00e4tsversprechen von Made in Germany. Deshalb setzt WASSERMANN TECHNOLOGIE auf den Standort Deutschland. Von dem Werk im osthessischen Eichenzell bei Fulda beliefet es Kunden weltweit. Knapp 50 Jahre Erfahrung, fast 200 Mitarbeiter \u2013 WASSERMANN TECHNOLOGIE ist ein sehr innovatives Unternehmen.<\/p>\n","protected":false},"excerpt":{"rendered":"<div class=\"tmnf_excerpt\"><p>Am 21. August konnte der Ortsverband Eichenzell mit 27 Teilnehmern eines der innovativsten Unternehmen in unserer Gemeinde besichtigen. Sehr freundlich wurden wir von den beiden Gesch\u00e4ftsf\u00fchrern Sebastian Wassermann und Eberhard Hahl empfangen, die uns als erstes einen sehr interessanten \u00dcberblick \u00fcber das Unternehmen geben konnten. WASSERMANN TECHNOLOGIE ist ein inhabergef\u00fchrtes Familienunternehmen, das seit der Gr\u00fcndung &hellip;<\/p>\n<\/div>","protected":false},"author":1,"featured_media":0,"comment_status":"closed","ping_status":"closed","sticky":false,"template":"","format":"standard","meta":{"footnotes":""},"categories":[1],"tags":[],"class_list":["post-166788","post","type-post","status-publish","format-standard","hentry","category-startseite"],"_links":{"self":[{"href":"https:\/\/www.fuldaernachrichten.de\/index.php?rest_route=\/wp\/v2\/posts\/166788","targetHints":{"allow":["GET"]}}],"collection":[{"href":"https:\/\/www.fuldaernachrichten.de\/index.php?rest_route=\/wp\/v2\/posts"}],"about":[{"href":"https:\/\/www.fuldaernachrichten.de\/index.php?rest_route=\/wp\/v2\/types\/post"}],"author":[{"embeddable":true,"href":"https:\/\/www.fuldaernachrichten.de\/index.php?rest_route=\/wp\/v2\/users\/1"}],"replies":[{"embeddable":true,"href":"https:\/\/www.fuldaernachrichten.de\/index.php?rest_route=%2Fwp%2Fv2%2Fcomments&post=166788"}],"version-history":[{"count":1,"href":"https:\/\/www.fuldaernachrichten.de\/index.php?rest_route=\/wp\/v2\/posts\/166788\/revisions"}],"predecessor-version":[{"id":166789,"href":"https:\/\/www.fuldaernachrichten.de\/index.php?rest_route=\/wp\/v2\/posts\/166788\/revisions\/166789"}],"wp:attachment":[{"href":"https:\/\/www.fuldaernachrichten.de\/index.php?rest_route=%2Fwp%2Fv2%2Fmedia&parent=166788"}],"wp:term":[{"taxonomy":"category","embeddable":true,"href":"https:\/\/www.fuldaernachrichten.de\/index.php?rest_route=%2Fwp%2Fv2%2Fcategories&post=166788"},{"taxonomy":"post_tag","embeddable":true,"href":"https:\/\/www.fuldaernachrichten.de\/index.php?rest_route=%2Fwp%2Fv2%2Ftags&post=166788"}],"curies":[{"name":"wp","href":"https:\/\/api.w.org\/{rel}","templated":true}]}}