{"id":166781,"date":"2017-08-28T22:30:00","date_gmt":"2017-08-28T20:30:00","guid":{"rendered":"http:\/\/www.fuldaer-nachrichten.de\/?p=166781"},"modified":"2017-08-28T22:30:00","modified_gmt":"2017-08-28T20:30:00","slug":"fortbildung-fuer-ehrenamtliche-versicherungsschutz-im-ehrenamt","status":"publish","type":"post","link":"https:\/\/www.fuldaernachrichten.de\/?p=166781","title":{"rendered":"Fortbildung f\u00fcr Ehrenamtliche: Versicherungsschutz im Ehrenamt"},"content":{"rendered":"<p>Die Lokale Anlaufstelle f\u00fcr das Ehrenamt beim Vogelsbergkreis informiert dar\u00fcber, dass am Dienstag, 5. September die Fortbildung &#8220;Versicherungsschutz im Ehrenamt&#8221; im Landratsamt in Lauterbach in der Zeit von 18:00 \u2013 20:00 Uhr stattfindet.<\/p>\n<p>Viele ehrenamtlich Engagierte machen sich Gedanken dar\u00fcber, ob sie bei ihrem Einsatz ausreichend gegen Unfall- und Haftpflichtrisiken versichert sind.<\/p>\n<p>Nach einem einleitenden Vortrag wird ausreichend Zeit f\u00fcr Fragen an die Dozentin Frau Dr. Karin Stiehr vom Institut f\u00fcr Soziale Infrastruktur in Frankfurt sein.<\/p>\n<p>Die Veranstaltung findet in Kooperation mit der Landesehrenamtsagentur Hessen statt und ist kostenfrei!<\/p>\n<p>Anmelden k\u00f6nnen Sie sich bis 30. August 2017 bei der  Lokalen Anlaufstelle beim Kreisausschuss des Vogelsbergkreises, Sabine Schneider, E-Mail sabine.schneider@vogelsbergkreis.de oder Tel. 06641 977-491.<\/p>\n<p>Ein Formular zum Anmelden finden Sie auf der Homepage des Vogelsbergkreises unter www.vogelsbergkreis.de, Rubrik \u201eB\u00fcrgerservice, Ehrenamt\u201c.<\/p>\n","protected":false},"excerpt":{"rendered":"<div class=\"tmnf_excerpt\"><p>Die Lokale Anlaufstelle f\u00fcr das Ehrenamt beim Vogelsbergkreis informiert dar\u00fcber, dass am Dienstag, 5. September die Fortbildung &#8220;Versicherungsschutz im Ehrenamt&#8221; im Landratsamt in Lauterbach in der Zeit von 18:00 \u2013 20:00 Uhr stattfindet. Viele ehrenamtlich Engagierte machen sich Gedanken dar\u00fcber, ob sie bei ihrem Einsatz ausreichend gegen Unfall- und Haftpflichtrisiken versichert sind. Nach einem einleitenden &hellip;<\/p>\n<\/div>","protected":false},"author":1,"featured_media":0,"comment_status":"closed","ping_status":"closed","sticky":false,"template":"","format":"standard","meta":{"footnotes":""},"categories":[1],"tags":[],"class_list":["post-166781","post","type-post","status-publish","format-standard","hentry","category-startseite"],"_links":{"self":[{"href":"https:\/\/www.fuldaernachrichten.de\/index.php?rest_route=\/wp\/v2\/posts\/166781","targetHints":{"allow":["GET"]}}],"collection":[{"href":"https:\/\/www.fuldaernachrichten.de\/index.php?rest_route=\/wp\/v2\/posts"}],"about":[{"href":"https:\/\/www.fuldaernachrichten.de\/index.php?rest_route=\/wp\/v2\/types\/post"}],"author":[{"embeddable":true,"href":"https:\/\/www.fuldaernachrichten.de\/index.php?rest_route=\/wp\/v2\/users\/1"}],"replies":[{"embeddable":true,"href":"https:\/\/www.fuldaernachrichten.de\/index.php?rest_route=%2Fwp%2Fv2%2Fcomments&post=166781"}],"version-history":[{"count":1,"href":"https:\/\/www.fuldaernachrichten.de\/index.php?rest_route=\/wp\/v2\/posts\/166781\/revisions"}],"predecessor-version":[{"id":166782,"href":"https:\/\/www.fuldaernachrichten.de\/index.php?rest_route=\/wp\/v2\/posts\/166781\/revisions\/166782"}],"wp:attachment":[{"href":"https:\/\/www.fuldaernachrichten.de\/index.php?rest_route=%2Fwp%2Fv2%2Fmedia&parent=166781"}],"wp:term":[{"taxonomy":"category","embeddable":true,"href":"https:\/\/www.fuldaernachrichten.de\/index.php?rest_route=%2Fwp%2Fv2%2Fcategories&post=166781"},{"taxonomy":"post_tag","embeddable":true,"href":"https:\/\/www.fuldaernachrichten.de\/index.php?rest_route=%2Fwp%2Fv2%2Ftags&post=166781"}],"curies":[{"name":"wp","href":"https:\/\/api.w.org\/{rel}","templated":true}]}}