{"id":166764,"date":"2017-08-24T06:41:35","date_gmt":"2017-08-24T04:41:35","guid":{"rendered":"http:\/\/www.fuldaer-nachrichten.de\/?p=166764"},"modified":"2017-08-24T06:41:35","modified_gmt":"2017-08-24T04:41:35","slug":"feierstunde-zum-abschied-von-langjaehrigen-kolleginnen-und-mitarbeiterinnen","status":"publish","type":"post","link":"https:\/\/www.fuldaernachrichten.de\/?p=166764","title":{"rendered":"Feierstunde zum Abschied von langj\u00e4hrigen Kolleginnen und Mitarbeiterinnen"},"content":{"rendered":"<p>Am letzten Schultag vor den gro\u00dfen Sommerferien wurden an der Marienschule langj\u00e4hrige Kolleginnen und Mitarbeiterinnen im Rahmen einer gro\u00dfen und bunten Verabschiedungsfeier in den Ruhestand entlassen.<\/p>\n<p>Verabschiedet wurden Frau StR\u00e2\u20ac\u2122in i.K. Dagmar Horst, Frau Solveig Bub und Frau Irmgard Larbig. Alle drei machten sich \u00fcber viele Jahre in den unterschiedlichsten Bereichen in der Marienschule verdient: Dagmar Horst, die bereits 1979 in den Dienst an der Marienschule eintrat, unterrichtete die F\u00e4cher Deutsch und katholische Religion, w\u00e4hrend sich Solveig Bub seit 1983 vor allem im Fach Sport einen Namen machte. Sie war au\u00dferdem als Erdkundelehrerin sehr aktiv bei geographischen Exkursionen, die sie h\u00e4ufig begleitete. Ebenfalls verabschiedet wurde Irmgard Larbig, die sich seit den 1980er Jahren in verschiedensten Funktionen als Klassenelternbeir\u00e4tin, Schulelternbeir\u00e4tin und nicht zuletzt als Vorsitzende des F\u00f6rdervereins der Marienschule f\u00fcr und in der Schule eingesetzt hat. Das Amt der Vorsitzenden des F\u00f6rdervereins hatte sie von 1997 bis zum 30.06.2017 inne.<\/p>\n<p>Alle drei wurden mit zahlreichen Reden und kurzen, unterhaltsamen Darbietungen und Sketchen und schlie\u00dflich mit den besten W\u00fcnschen f\u00fcr ihre Zukunft in den wohlverdienten Ruhestand entlassen.<\/p>\n","protected":false},"excerpt":{"rendered":"<div class=\"tmnf_excerpt\"><p>Am letzten Schultag vor den gro\u00dfen Sommerferien wurden an der Marienschule langj\u00e4hrige Kolleginnen und Mitarbeiterinnen im Rahmen einer gro\u00dfen und bunten Verabschiedungsfeier in den Ruhestand entlassen. Verabschiedet wurden Frau StR\u00e2\u20ac\u2122in i.K. Dagmar Horst, Frau Solveig Bub und Frau Irmgard Larbig. Alle drei machten sich \u00fcber viele Jahre in den unterschiedlichsten Bereichen in der Marienschule verdient: &hellip;<\/p>\n<\/div>","protected":false},"author":1,"featured_media":166778,"comment_status":"closed","ping_status":"closed","sticky":false,"template":"","format":"standard","meta":{"footnotes":""},"categories":[1],"tags":[],"class_list":["post-166764","post","type-post","status-publish","format-standard","has-post-thumbnail","hentry","category-startseite"],"_links":{"self":[{"href":"https:\/\/www.fuldaernachrichten.de\/index.php?rest_route=\/wp\/v2\/posts\/166764","targetHints":{"allow":["GET"]}}],"collection":[{"href":"https:\/\/www.fuldaernachrichten.de\/index.php?rest_route=\/wp\/v2\/posts"}],"about":[{"href":"https:\/\/www.fuldaernachrichten.de\/index.php?rest_route=\/wp\/v2\/types\/post"}],"author":[{"embeddable":true,"href":"https:\/\/www.fuldaernachrichten.de\/index.php?rest_route=\/wp\/v2\/users\/1"}],"replies":[{"embeddable":true,"href":"https:\/\/www.fuldaernachrichten.de\/index.php?rest_route=%2Fwp%2Fv2%2Fcomments&post=166764"}],"version-history":[{"count":1,"href":"https:\/\/www.fuldaernachrichten.de\/index.php?rest_route=\/wp\/v2\/posts\/166764\/revisions"}],"predecessor-version":[{"id":166779,"href":"https:\/\/www.fuldaernachrichten.de\/index.php?rest_route=\/wp\/v2\/posts\/166764\/revisions\/166779"}],"wp:featuredmedia":[{"embeddable":true,"href":"https:\/\/www.fuldaernachrichten.de\/index.php?rest_route=\/wp\/v2\/media\/166778"}],"wp:attachment":[{"href":"https:\/\/www.fuldaernachrichten.de\/index.php?rest_route=%2Fwp%2Fv2%2Fmedia&parent=166764"}],"wp:term":[{"taxonomy":"category","embeddable":true,"href":"https:\/\/www.fuldaernachrichten.de\/index.php?rest_route=%2Fwp%2Fv2%2Fcategories&post=166764"},{"taxonomy":"post_tag","embeddable":true,"href":"https:\/\/www.fuldaernachrichten.de\/index.php?rest_route=%2Fwp%2Fv2%2Ftags&post=166764"}],"curies":[{"name":"wp","href":"https:\/\/api.w.org\/{rel}","templated":true}]}}