{"id":166761,"date":"2017-08-24T06:42:00","date_gmt":"2017-08-24T04:42:00","guid":{"rendered":"http:\/\/www.fuldaer-nachrichten.de\/?p=166761"},"modified":"2017-08-24T06:42:00","modified_gmt":"2017-08-24T04:42:00","slug":"dorffest-in-altenburg-der-jahreshoehepunkt-auf-dem-schlossberg","status":"publish","type":"post","link":"https:\/\/www.fuldaernachrichten.de\/?p=166761","title":{"rendered":"Dorffest in Altenburg \u2013 der Jahresh\u00f6hepunkt auf dem Schlossberg"},"content":{"rendered":"<p>Ende August hei\u00dft es in Altenburg und den feierfreudigen Gebieten rundherum wieder \u201eHoch auf den Schlossberg \u2013 das Dorffest wartet!\u201c In diesem Jahr findet es am 26. und 27. August statt und lockt mit seinem einmaligen Ambiente unter der gro\u00dfen Eiche am Lindenrondell wieder viele Menschen an.<\/p>\n<p>Die Altenburger Vereine werden sich wieder m\u00e4chtig ins Zeug legen und ihre Buden sommerlich schm\u00fccken. Dort werden sie eine breite Auswahl an feinen Speisen und frischen Getr\u00e4nken bereithalten, und wer das Altenburger Dorffest kennt, der wei\u00df: Hier geht keiner hungrig heim, denn es gibt f\u00fcr jeden Geschmack das Richtige!<\/p>\n<p>Auch ein buntes Programm hat der f\u00fcr das Fest verantwortliche F\u00f6rderverein Dorf Altenburg e.V. wieder auf die Beine gestellt: Die Kindergartenkinder werden zur Er\u00f6ffnung um 15 Uhr auftreten, der Altenburger Posaunenchor und das Altenburger Blasorchester werden f\u00fcr einen sehr musikalischen Nachmittag sorgen. Mit dem Trio \u201eJamsession\u201c wird sich eine weitere Original-Altenburger Combo auf dem Schlossberg einfinden und dort in die fr\u00fchen Abendstunden swingen.<\/p>\n<p>Selbstverst\u00e4ndlich wird auch der Tanzboden wieder aufgebaut und zum Tanz spielt ab 20:30 die renommierte Egon-Kircher-Band auf dem Schlossberg auf.<\/p>\n<p>Daneben ist nat\u00fcrlich auch wieder f\u00fcr ein buntes Kinderprogramm gesorgt: Eine gro\u00dfe H\u00fcpfburg und das Spielmobil laden die jungen G\u00e4ste ein, dazu gibt es auf einem Flohmarkt allerhand zu entdecken und zu verkaufen. Anmeldungen daf\u00fcr nimmt Elisabeth Lotz entgegen (06631 705761).<\/p>\n<p>Den Sonntag er\u00f6ffnet wie immer um 10:30 Uhr ein Gottesdienst unter freiem Himmel, musikalisch begleitet vom Posaunenchor. Zum Fr\u00fchschoppen und zum Mittags- und Kaffeetisch bieten die Vereine nochmals eine reichliche Auswahl, bevor das Dorffest am Nachmittag ausklingt.<\/p>\n","protected":false},"excerpt":{"rendered":"<div class=\"tmnf_excerpt\"><p>Ende August hei\u00dft es in Altenburg und den feierfreudigen Gebieten rundherum wieder \u201eHoch auf den Schlossberg \u2013 das Dorffest wartet!\u201c In diesem Jahr findet es am 26. und 27. August statt und lockt mit seinem einmaligen Ambiente unter der gro\u00dfen Eiche am Lindenrondell wieder viele Menschen an. Die Altenburger Vereine werden sich wieder m\u00e4chtig ins &hellip;<\/p>\n<\/div>","protected":false},"author":1,"featured_media":166772,"comment_status":"closed","ping_status":"closed","sticky":false,"template":"","format":"gallery","meta":{"footnotes":""},"categories":[1],"tags":[],"class_list":["post-166761","post","type-post","status-publish","format-gallery","has-post-thumbnail","hentry","category-startseite","post_format-post-format-gallery"],"_links":{"self":[{"href":"https:\/\/www.fuldaernachrichten.de\/index.php?rest_route=\/wp\/v2\/posts\/166761","targetHints":{"allow":["GET"]}}],"collection":[{"href":"https:\/\/www.fuldaernachrichten.de\/index.php?rest_route=\/wp\/v2\/posts"}],"about":[{"href":"https:\/\/www.fuldaernachrichten.de\/index.php?rest_route=\/wp\/v2\/types\/post"}],"author":[{"embeddable":true,"href":"https:\/\/www.fuldaernachrichten.de\/index.php?rest_route=\/wp\/v2\/users\/1"}],"replies":[{"embeddable":true,"href":"https:\/\/www.fuldaernachrichten.de\/index.php?rest_route=%2Fwp%2Fv2%2Fcomments&post=166761"}],"version-history":[{"count":1,"href":"https:\/\/www.fuldaernachrichten.de\/index.php?rest_route=\/wp\/v2\/posts\/166761\/revisions"}],"predecessor-version":[{"id":166780,"href":"https:\/\/www.fuldaernachrichten.de\/index.php?rest_route=\/wp\/v2\/posts\/166761\/revisions\/166780"}],"wp:featuredmedia":[{"embeddable":true,"href":"https:\/\/www.fuldaernachrichten.de\/index.php?rest_route=\/wp\/v2\/media\/166772"}],"wp:attachment":[{"href":"https:\/\/www.fuldaernachrichten.de\/index.php?rest_route=%2Fwp%2Fv2%2Fmedia&parent=166761"}],"wp:term":[{"taxonomy":"category","embeddable":true,"href":"https:\/\/www.fuldaernachrichten.de\/index.php?rest_route=%2Fwp%2Fv2%2Fcategories&post=166761"},{"taxonomy":"post_tag","embeddable":true,"href":"https:\/\/www.fuldaernachrichten.de\/index.php?rest_route=%2Fwp%2Fv2%2Ftags&post=166761"}],"curies":[{"name":"wp","href":"https:\/\/api.w.org\/{rel}","templated":true}]}}