{"id":166758,"date":"2017-08-24T06:38:48","date_gmt":"2017-08-24T04:38:48","guid":{"rendered":"http:\/\/www.fuldaer-nachrichten.de\/?p=166758"},"modified":"2017-08-24T06:38:48","modified_gmt":"2017-08-24T04:38:48","slug":"der-viehabtrieb-in-simmershausen-findet-am-24-september-zum-25-mal-statt","status":"publish","type":"post","link":"https:\/\/www.fuldaernachrichten.de\/?p=166758","title":{"rendered":"Der Viehabtrieb in Simmershausen findet am 24. September zum 25. Mal statt"},"content":{"rendered":"<p>Zum 25. Mal  findet in diesem Jahr am vierten Sonntag im September der Rh\u00f6ner Viehabtrieb in Simmershausen statt. Und wieder einmal f\u00e4llt der Termin auf einen Wahlsonntag. 2009 war die Veranstaltung wegen der Bundestagswahl um eine Woche vorverlegt worden; 2013 dagegen warben die Veranstalter mit dem Slogan: \u201eErst in die Wahlkabine, dann zum Fest.\u201c Unter diesem Motto l\u00e4dt die Vereinsgemeinschaft des rund 600 Einwohner z\u00e4hlenden Dorfes nun erneut am 24. September zu ihrem Festumzug mit abwechslungsreichem Rahmenprogramm in die Rh\u00f6n ein.<\/p>\n<p>Wer nichts von dem Festgeschehen verpassen und vorher von seinem Wahlrecht Gebrauch machen m\u00f6chte, der muss allerdings fr\u00fch aufstehen: Denn bereits um 9 Uhr werden die beiden Backh\u00e4user aufgeheizt, sodass ab 11 Uhr von s\u00fc\u00dfem und deftigem Brot- und Kartoffelsploatz gekostet werden kann. Dazu unterh\u00e4lt auf dem Dorfplatz der Musikverein Simmershausen-Batten mit Blas- und Volksmusik. Beim Mittagessen hat man erneut die \u201eQual der Wahl\u201c: Neben der  Vereinsgemeinschaft mit ihren regionalen Spezialit\u00e4ten bieten verschiedene Selbstvermarkter an St\u00e4nden sowie die beiden Gasth\u00e4user im Ort warme Mahlzeiten an. In der Kulturscheune werden Kaffee, Torten und Blechkuchen serviert.<\/p>\n<p>Um 14 Uhr beginnt der Festumzug, in dessen Mittelpunkt die Viehherde des Simmersh\u00e4user Landwirts Pascal Eichler steht. Die 16 K\u00fche, ein Dutzend K\u00e4lber und ein Bulle haben den Sommer auf den Weiden des nahen Buchschirms verbracht und werden nun von vier Treibern in den heimischen Stall gebracht. In diesem eigentlich \u00f6sterreichischen Brauch des Viehabtriebs liegt der Ursprung des Festes, das 1989 zur Unterhaltung der Simmersh\u00e4user Ferieng\u00e4ste ins Leben gerufen worden war. Mittlerweile zieht es Tausende Besucher aus Nah und Fern an: 130 000 G\u00e4ste haben die Veranstalter insgesamt bei den bisherigen 24 Viehabtrieben gez\u00e4hlt. Wegen des gewachsenen Aufwands findet das Ereignis seit 2011 im zweij\u00e4hrigen Turnus statt.<\/p>\n<p>Nicht nur Rinder, sondern auch Pferde, Schafe, Ziegen und ein Falkner wirken beim Umzug mit. Etwa 25 Gruppen, darunter die Rh\u00f6nm\u00e4her und die Trachtengruppe Simmershausen, stellen d\u00f6rfliches und kleinb\u00e4uerliches Leben dar. Dazu geh\u00f6rt in Simmershausen auch das katholische Brauchtum. Deshalb freut sich Thomas Weber, der f\u00fcr die Organisation des  Festumzugs zust\u00e4ndig ist, dass Robert Zentgraf seine selbstgebaute Riesenklapper pr\u00e4sentiert. Diese hat dem Obern\u00fcster sogar zu einem Eintrag ins Guinness-Buch der Rekorde verholfen.<\/p>\n<p>Der Kindergarten Simmershausen bietet im Kindergarten (beim unteren Backhaus) eine Betreuung f\u00fcr die kleinen G\u00e4ste an, w\u00e4hrend die Gro\u00dfen sich am Stand des Biosph\u00e4renreservates Rh\u00f6n und des Regionalen Standortmarketings \u00fcber die Region informieren k\u00f6nnen. Auch zeigen Handwerker ihr K\u00f6nnen und bieten ihre Produkte an. Vor dem Festzug treten Trachten- und Volkstanzgruppen auf.<\/p>\n<p>Wie auch in den Vorjahren ist der Eintritt frei genau wie das Parken, f\u00fcr das dank der ortsans\u00e4ssigen Landwirte und der Firma Drott ausreichend Fl\u00e4chen zur Verf\u00fcgung stehen. Und noch eine Sache ist schon fast selbstverst\u00e4ndlich beim Viehabtrieb: das gute Wetter. Thomas Stumpf, der von seinem Vater Heribert Stumpf den Vorsitz \u00fcber die Vereinsgemeinschaft und damit die Organisation des Gro\u00dfereignisses \u00fcbernommen hat, erinnert sich: \u201eIn den vergangenen Jahren hat es nur einmal geregnet, und zwar 2009.\u201c Aber da war die Veranstaltung ja auch vorverlegt worden.<\/p>\n","protected":false},"excerpt":{"rendered":"<div class=\"tmnf_excerpt\"><p>Zum 25. Mal findet in diesem Jahr am vierten Sonntag im September der Rh\u00f6ner Viehabtrieb in Simmershausen statt. Und wieder einmal f\u00e4llt der Termin auf einen Wahlsonntag. 2009 war die Veranstaltung wegen der Bundestagswahl um eine Woche vorverlegt worden; 2013 dagegen warben die Veranstalter mit dem Slogan: \u201eErst in die Wahlkabine, dann zum Fest.\u201c Unter &hellip;<\/p>\n<\/div>","protected":false},"author":1,"featured_media":166759,"comment_status":"closed","ping_status":"closed","sticky":false,"template":"","format":"standard","meta":{"footnotes":""},"categories":[1],"tags":[],"class_list":["post-166758","post","type-post","status-publish","format-standard","has-post-thumbnail","hentry","category-startseite"],"_links":{"self":[{"href":"https:\/\/www.fuldaernachrichten.de\/index.php?rest_route=\/wp\/v2\/posts\/166758","targetHints":{"allow":["GET"]}}],"collection":[{"href":"https:\/\/www.fuldaernachrichten.de\/index.php?rest_route=\/wp\/v2\/posts"}],"about":[{"href":"https:\/\/www.fuldaernachrichten.de\/index.php?rest_route=\/wp\/v2\/types\/post"}],"author":[{"embeddable":true,"href":"https:\/\/www.fuldaernachrichten.de\/index.php?rest_route=\/wp\/v2\/users\/1"}],"replies":[{"embeddable":true,"href":"https:\/\/www.fuldaernachrichten.de\/index.php?rest_route=%2Fwp%2Fv2%2Fcomments&post=166758"}],"version-history":[{"count":1,"href":"https:\/\/www.fuldaernachrichten.de\/index.php?rest_route=\/wp\/v2\/posts\/166758\/revisions"}],"predecessor-version":[{"id":166760,"href":"https:\/\/www.fuldaernachrichten.de\/index.php?rest_route=\/wp\/v2\/posts\/166758\/revisions\/166760"}],"wp:featuredmedia":[{"embeddable":true,"href":"https:\/\/www.fuldaernachrichten.de\/index.php?rest_route=\/wp\/v2\/media\/166759"}],"wp:attachment":[{"href":"https:\/\/www.fuldaernachrichten.de\/index.php?rest_route=%2Fwp%2Fv2%2Fmedia&parent=166758"}],"wp:term":[{"taxonomy":"category","embeddable":true,"href":"https:\/\/www.fuldaernachrichten.de\/index.php?rest_route=%2Fwp%2Fv2%2Fcategories&post=166758"},{"taxonomy":"post_tag","embeddable":true,"href":"https:\/\/www.fuldaernachrichten.de\/index.php?rest_route=%2Fwp%2Fv2%2Ftags&post=166758"}],"curies":[{"name":"wp","href":"https:\/\/api.w.org\/{rel}","templated":true}]}}