{"id":166751,"date":"2017-08-24T06:36:20","date_gmt":"2017-08-24T04:36:20","guid":{"rendered":"http:\/\/www.fuldaer-nachrichten.de\/?p=166751"},"modified":"2017-08-24T06:36:20","modified_gmt":"2017-08-24T04:36:20","slug":"benefizkonzert-fuer-tamara-schneider","status":"publish","type":"post","link":"https:\/\/www.fuldaernachrichten.de\/?p=166751","title":{"rendered":"Benefizkonzert f\u00fcr Tamara Schneider"},"content":{"rendered":"<p>Die Geschwister Julian und Tamara Schneider 20 und 17 Jahre aus Fulda sind an der Muskelkrankheit Typ FSHD (Muskelschwund) erkrankt. Tamara ist dadurch so eingeschr\u00e4nkt, dass sie st\u00e4ndig auf fremde Hilfe angewiesen ist. Ein Glas Wasser zu trinken ist ihr alleine nicht mehr m\u00f6glich. <\/p>\n<p>Um seiner Schwester und anderen Betroffenen zu helfen, hat Julian, bei dem die Krankheit nicht so stark ausgepr\u00e4gt ist, einen Roboterarm entwickelt.  Es gibt aktuell keinen Roboterarm auf dem Markt, der kompakt genug ist um an einen Rollstuhl montiert zu werden und dazu noch genug Kraft hat, um z.B. Tamaras Schultasche hochheben zu k\u00f6nnen. Dieser Roboterarm soll ihr und anderen muskelschwachen Menschen dabei helfen, viele Dinge des t\u00e4glichen Lebens ohne weitere Hilfe selbst bew\u00e4ltigen zu k\u00f6nnen.<\/p>\n<p>Gerne w\u00fcrde Julian das Projekt so schnell wie m\u00f6glich voranbringen und ist deshalb auf der Suche nach findigen Unternehmen oder Ingenieuren aus der Region, die ihn bei der Herstellung, Programmierung usw. unterst\u00fctzen w\u00fcrden. Deshalb der Aufruf, melden Sie sich bitte, um damit Tamara und vielen anderen betroffenen Menschen zu helfen.<br \/>\nDer JugendKathedralChor Fulda, in dem Tamara selbst aktiv gesungen hat, richtet am Sonntag, den 27. August 2017 um 16:00 Uhr ein Benefizkonzert in der Orangerie aus. Bei freiem Eintritt wird hier freundlicher Weise um eine Spende zur Unterst\u00fctzung der Aktion gebeten.<br \/>\nDie Zuh\u00f6rer erwartet ein abwechslungsreiches Konzertprogramm gestaltet von S\u00e4ngerinnen und S\u00e4ngern der Domsingschule und des JugendKathedralChores sowie ausgew\u00e4hlten Solisten aller Ch\u00f6re am Fuldaer Dom. <\/p>\n<p>Julian Schneider wird dabei pers\u00f6nlich Informationen zum Projekt und zur aktuellen Situation geben.<\/p>\n<p>Die Stiftung zur F\u00f6rderung von Integration durch Mobilit\u00e4t (IDM-Stiftung) h\u00e4lt Julians Idee f\u00fcr sehr innovativ und unterst\u00fctzt sein Projekt, indem sie hierf\u00fcr extra ein Spendenkonto f\u00fcr ihn eingerichtet hat. Die Spenden kommen dem Projekt zu 100% zu Gute.<\/p>\n<p>Inhaber: IDM Stiftung<br \/>\nIBAN: DE 55 6602 0500 0008 7223 00 BIC: BFSWDE33XXX<br \/>\nBank: Bank f\u00fcr Sozialwirtschaft AG<br \/>\nKennwort: \u201eRobimobil\u201c<\/p>\n","protected":false},"excerpt":{"rendered":"<div class=\"tmnf_excerpt\"><p>Die Geschwister Julian und Tamara Schneider 20 und 17 Jahre aus Fulda sind an der Muskelkrankheit Typ FSHD (Muskelschwund) erkrankt. Tamara ist dadurch so eingeschr\u00e4nkt, dass sie st\u00e4ndig auf fremde Hilfe angewiesen ist. Ein Glas Wasser zu trinken ist ihr alleine nicht mehr m\u00f6glich. Um seiner Schwester und anderen Betroffenen zu helfen, hat Julian, bei &hellip;<\/p>\n<\/div>","protected":false},"author":1,"featured_media":166752,"comment_status":"closed","ping_status":"closed","sticky":false,"template":"","format":"standard","meta":{"footnotes":""},"categories":[1],"tags":[],"class_list":["post-166751","post","type-post","status-publish","format-standard","has-post-thumbnail","hentry","category-startseite"],"_links":{"self":[{"href":"https:\/\/www.fuldaernachrichten.de\/index.php?rest_route=\/wp\/v2\/posts\/166751","targetHints":{"allow":["GET"]}}],"collection":[{"href":"https:\/\/www.fuldaernachrichten.de\/index.php?rest_route=\/wp\/v2\/posts"}],"about":[{"href":"https:\/\/www.fuldaernachrichten.de\/index.php?rest_route=\/wp\/v2\/types\/post"}],"author":[{"embeddable":true,"href":"https:\/\/www.fuldaernachrichten.de\/index.php?rest_route=\/wp\/v2\/users\/1"}],"replies":[{"embeddable":true,"href":"https:\/\/www.fuldaernachrichten.de\/index.php?rest_route=%2Fwp%2Fv2%2Fcomments&post=166751"}],"version-history":[{"count":1,"href":"https:\/\/www.fuldaernachrichten.de\/index.php?rest_route=\/wp\/v2\/posts\/166751\/revisions"}],"predecessor-version":[{"id":166753,"href":"https:\/\/www.fuldaernachrichten.de\/index.php?rest_route=\/wp\/v2\/posts\/166751\/revisions\/166753"}],"wp:featuredmedia":[{"embeddable":true,"href":"https:\/\/www.fuldaernachrichten.de\/index.php?rest_route=\/wp\/v2\/media\/166752"}],"wp:attachment":[{"href":"https:\/\/www.fuldaernachrichten.de\/index.php?rest_route=%2Fwp%2Fv2%2Fmedia&parent=166751"}],"wp:term":[{"taxonomy":"category","embeddable":true,"href":"https:\/\/www.fuldaernachrichten.de\/index.php?rest_route=%2Fwp%2Fv2%2Fcategories&post=166751"},{"taxonomy":"post_tag","embeddable":true,"href":"https:\/\/www.fuldaernachrichten.de\/index.php?rest_route=%2Fwp%2Fv2%2Ftags&post=166751"}],"curies":[{"name":"wp","href":"https:\/\/api.w.org\/{rel}","templated":true}]}}