{"id":166749,"date":"2017-08-24T06:39:54","date_gmt":"2017-08-24T04:39:54","guid":{"rendered":"http:\/\/www.fuldaer-nachrichten.de\/?p=166749"},"modified":"2017-08-24T06:39:54","modified_gmt":"2017-08-24T04:39:54","slug":"manege-frei-fuer-das-grosse-lichterfest-bad-salzschlirf","status":"publish","type":"post","link":"https:\/\/www.fuldaernachrichten.de\/?p=166749","title":{"rendered":"Manege frei f\u00fcr das Gro\u00dfe Lichterfest Bad Salzschlirf"},"content":{"rendered":"<p>Das letzte Wochenende im August steht in Bad Salzschlirf wieder ganz im Zeichen des Lichterfestes. In diesem Jahr wird es hier aber gro\u00dfen Zirkus geben! Und das kann man w\u00f6rtlich nehmen, denn das Motto des gro\u00dfen Lichterfestes ist in diesem Jahr &#8220;Manege frei&#8221;. Es dreht sich alles um das Thema Zirkus.<br \/>\nBevor das Fest am Freitag, dem 25. August um 20 Uhr mit einem Fassbieranstich er\u00f6ffnet wird, gibt es aber erst noch einem hochoffiziellen und erfreulichen Akt. Die neue Rote Br\u00fccke wird um 18.30 Uhr nach nur vierw\u00f6chiger Bauzeit geweiht und ihrer Bestimmung \u00fcbergeben. Um 19 Uhr findet dann an der B\u00fchne in der Bahnhofstra\u00dfe ein \u00f6kumenischer Gottesdienst statt und im Anschluss wird das Gro\u00dfe Lichterfest dann mit einem Fassbieranstich von B\u00fcrgermeister K\u00fcbel und der Quellenk\u00f6nigin Melanie I. offiziell er\u00f6ffnet. Musikalisch wird der Abend von der Live-Band \u201eLa Musica\u201c begleitet.<\/p>\n<p>Am Samstag wird das Kinder-Zirkusfest f\u00fcr die Kleinen,  von 14 bis 18 Uhr im Weidenpark, das Higlight sein. Unterst\u00fctzt durch den Kinder Kultursommer konnte das Variet\u00e9 Flaxxini gewonnen werden, die um 15 und um 19 Uhr mit dem Programm &#8220;Im Traumland der Clowns Max und Flax&#8221; begeistern werden. Um 16 und um 18.30 Uhr dann noch einmal mit dem Programm &#8220;Ein Clown und sein Freund, der Elefant&#8221;<br \/>\nUm 15 Uhr hat man die M\u00f6glichkeit mit Dr. Martiny einen historischen Spaziergang durch die Geschichte des Heilbades Bad Salzschlirf zu machen. Dieter K\u00f6nig wird die F\u00fchrung in Person und historischem Anzug des Heilbadgr\u00fcnders Dr. Martiny durchf\u00fchren. Die Teilnahme der ca. 1,5 Std dauernden F\u00fchrung ist kostenlos, der Treffpunkt am Gradier-Pavillon.<\/p>\n<p>Musikalisch kann man sich zu Kaffee &#038; hausmacher Kuchen von 15.00 bis 18.00 Uhr durch den Musikverein Hosenfeld an der Musikmuschel im Kurpark berieseln lassen, bevor der Musikverein D\u00f6ngesm\u00fchle von 19.30 bis 24 Uhr den Taktstock \u00fcbernimmt. F\u00fcr die j\u00fcngeren und jung gebliebenen spielt von 19.00 bis 1 Uhr die Rock Coverband &#8220;Rock Trip&#8221; auf der zweiten B\u00fchne in der Bahnhofstra\u00dfe. Denn auch das ist eine Besonderheit des Gro\u00dfen Lichterfestes, es gibt hier zwei Musikb\u00fchnen und so f\u00fcr jeden Geschmack musikalische Unterhaltung.<\/p>\n<p>Am Abend sollte man unter den fr\u00fchen G\u00e4sten sein, um einen sch\u00f6nen Platz zu bekommen. Denn um 21 Uhr wird die Freiwillige Feuerwehr Bad Salzschlirf wieder viele Zuschauer an die Altefeld locken. Die Symphonie aus Wasser und Licht, die musikalischen Wasserspiele auf der Altefeld mit anschlie\u00dfendem gro\u00dfen Feuerwerk begeistern die Zuschauer aus nah und fern. Hier wird auf der Br\u00fccke in der Bahnhofstra\u00dfe eigens eine Trib\u00fcne aufgebaut, von der man den sch\u00f6nsten Blick hat. F\u00fcr diesen Bereich wird ein Beitrag von 4 EUR zur Finanzierung der Trib\u00fcne erhoben. Seitlich der Altefeld ist der Eintritt frei.<br \/>\nMit Einbruch der Dunkelheit wird der Kurpark in hellem Glanz erstrahlen, denn zehntausende bunte Lichter sorgen f\u00fcr Romantik &#038; Flair. <\/p>\n<p>Der verkaufsoffene Sonntag (13 \u2013 18 Uhr) startet um 11 Uhr mit dem traditionellen und \u00fcberregional bekannten Flohmarkt in der Lindenstra\u00dfe. Parallel dazu gibt es von 11 bis 16 Uhr einen B\u00fccherflohmarkt in der B\u00fccherei im Haus des Gastes. Im Kurpark werden Original Salzsieder zeigen, wie vor jahrhunderten Salz am offenen Feuer gewonnen wurde. Die Jugendstildamen flanieren im Kurpark und erinnern an die Zeit im jungen 20. Jahrhundert. F\u00fcr die Kinder wird das Kinder-Zirkusfest im Weidenpark von 11.00 bis 17 Uhr f\u00fcr Spa\u00df und Unterhaltung sorgen. Das Variet\u00e9 Flaxxini wird um 13.30 und 16 Uhr mit &#8220;Im Traumland der Clowns Max und Flax&#8221; zu sehen sein.<br \/>\nMusikalisch wird der ganze Sonntag  umrahmt: Von 11.00 bis 14.00 Uhr gibt es einen musikalischen Fr\u00fchschoppen mit der Salt River Jazz Band in der Bahnhofstra\u00dfe und der Musikverein Landenhausen spielt im Kurpark\/Musikmuschel. Nachmittags, zu Kaffee und hausmacher Kuchen, spielt von 15 bis 18 Uhr das Duo Steffi &#038; Bernd in der Bahnhofstra\u00dfe und der Musikverein Gro\u00dfenl\u00fcder im Kurpark\/Musikmuschel. Am Abend wird es dann noch einmal rockig, hier spielt von 19 bis 23 Uhr die Rockband SIXX  auf der B\u00fchne in der Bahnhofstrasse.<br \/>\nMit Einbruch der Dunkelheit wird Bad Salzschlirf zu einem Lichtermeer der ganze Badeort und Kurpark erstrahlen dann in hellem Glanz. Die B\u00fcrger beleuchten, in dem von Jugendstil- und Fachwerkh\u00e4usern gepr\u00e4gten Kurort, mit bunten Lichtern oder Lichterketten ihre H\u00e4user. Im Kurpark und Weidenpark werden Zehntausende Lichter in Form von sch\u00f6nen Ornamenten leuchten. <\/p>\n<p>Das besondere an dieser von der Touristik &#038; Service GmbH organisierten Gro\u00dfveranstaltung ist, dass der Eintritt schon immer frei ist. Um dies auch in den folgenden Jahren noch in diesem Umfang leisten zu k\u00f6nnen bittet der Veranstalter um den freiwilligen Kauf eines &#8220;Freund- &#038; F\u00f6rderer-Pins&#8221;, welche am Fest f\u00fcr 3 EUR verkauft werden. Damit unterst\u00fctzt jeder Besucher die Wasserspiele, das Feuerwerk, die Live-Musik auf zwei B\u00fchnen, die Illumination, die kostenlosen Gro\u00dfparkpl\u00e4tze, die unentgeltliche WC-Bereitstellung und vieles mehr.<\/p>\n","protected":false},"excerpt":{"rendered":"<div class=\"tmnf_excerpt\"><p>Das letzte Wochenende im August steht in Bad Salzschlirf wieder ganz im Zeichen des Lichterfestes. In diesem Jahr wird es hier aber gro\u00dfen Zirkus geben! Und das kann man w\u00f6rtlich nehmen, denn das Motto des gro\u00dfen Lichterfestes ist in diesem Jahr &#8220;Manege frei&#8221;. Es dreht sich alles um das Thema Zirkus. Bevor das Fest am &hellip;<\/p>\n<\/div>","protected":false},"author":1,"featured_media":166762,"comment_status":"closed","ping_status":"closed","sticky":false,"template":"","format":"standard","meta":{"footnotes":""},"categories":[1],"tags":[],"class_list":["post-166749","post","type-post","status-publish","format-standard","has-post-thumbnail","hentry","category-startseite"],"_links":{"self":[{"href":"https:\/\/www.fuldaernachrichten.de\/index.php?rest_route=\/wp\/v2\/posts\/166749","targetHints":{"allow":["GET"]}}],"collection":[{"href":"https:\/\/www.fuldaernachrichten.de\/index.php?rest_route=\/wp\/v2\/posts"}],"about":[{"href":"https:\/\/www.fuldaernachrichten.de\/index.php?rest_route=\/wp\/v2\/types\/post"}],"author":[{"embeddable":true,"href":"https:\/\/www.fuldaernachrichten.de\/index.php?rest_route=\/wp\/v2\/users\/1"}],"replies":[{"embeddable":true,"href":"https:\/\/www.fuldaernachrichten.de\/index.php?rest_route=%2Fwp%2Fv2%2Fcomments&post=166749"}],"version-history":[{"count":1,"href":"https:\/\/www.fuldaernachrichten.de\/index.php?rest_route=\/wp\/v2\/posts\/166749\/revisions"}],"predecessor-version":[{"id":166763,"href":"https:\/\/www.fuldaernachrichten.de\/index.php?rest_route=\/wp\/v2\/posts\/166749\/revisions\/166763"}],"wp:featuredmedia":[{"embeddable":true,"href":"https:\/\/www.fuldaernachrichten.de\/index.php?rest_route=\/wp\/v2\/media\/166762"}],"wp:attachment":[{"href":"https:\/\/www.fuldaernachrichten.de\/index.php?rest_route=%2Fwp%2Fv2%2Fmedia&parent=166749"}],"wp:term":[{"taxonomy":"category","embeddable":true,"href":"https:\/\/www.fuldaernachrichten.de\/index.php?rest_route=%2Fwp%2Fv2%2Fcategories&post=166749"},{"taxonomy":"post_tag","embeddable":true,"href":"https:\/\/www.fuldaernachrichten.de\/index.php?rest_route=%2Fwp%2Fv2%2Ftags&post=166749"}],"curies":[{"name":"wp","href":"https:\/\/api.w.org\/{rel}","templated":true}]}}