{"id":166745,"date":"2017-08-24T06:34:29","date_gmt":"2017-08-24T04:34:29","guid":{"rendered":"http:\/\/www.fuldaer-nachrichten.de\/?p=166745"},"modified":"2017-08-24T06:34:29","modified_gmt":"2017-08-24T04:34:29","slug":"caritas-altenpflegeschuelerschaft-und-caritasdirektor-besuchten-buergermeister","status":"publish","type":"post","link":"https:\/\/www.fuldaernachrichten.de\/?p=166745","title":{"rendered":"Caritas-Altenpflegesch\u00fclerschaft und Caritasdirektor besuchten B\u00fcrgermeister"},"content":{"rendered":"<p>22 Altenpflegesch\u00fclerinnen und -sch\u00fcler der Caritas-Altenpflegeschule besuchten k\u00fcrzlich den Fuldaer B\u00fcrgermeister Dag Wehner im Stadtschloss Fulda. Damit kamen sie einer Gegeneinladung nach, nachdem B\u00fcrgermeister Wehner als im Magistrat f\u00fcr Schule und Soziales zust\u00e4ndiger Dezernatsleiter  Ende 2016 der Altenpflegeschule in der Ratgarstra\u00dfe einen Besuch abgestattet hatte und sich dabei umfassend von den Auszubildenden \u00fcber ihre Ausbildungs- und Berufsrahmenbedingungen hatte informieren lassen.<\/p>\n<p>Begleitet wurde der Besuch von Di\u00f6zesan-Caritasdirektor Dr. Markus Juch und von der Kursleiterin Sabrina Griesel, die auch stellvertretende Leiterin der Altenpflegeschule ist. Zur Begr\u00fc\u00dfung versammelten sich die G\u00e4ste im Magistratssitzungssaal des Stadtschlosses, wo Dag Wehner den Pflege-Auszubildenden zun\u00e4chst einen Einblick in die allt\u00e4gliche Arbeit der Stadtverwaltung gab. Anhand einiger Beispiele machte der B\u00fcrgermeister deutlich, wie die Stadtverwaltung f\u00fcr ihre B\u00fcrger t\u00e4tig ist, um beispielsweise die Bereitstellung von Wasser und Strom, den Ausbau von Stra\u00dfen sowie auch die Versorgung mit \u00f6ffentlichen Verkehrsmitteln und Krankenh\u00e4usern, aber auch mit ad\u00e4quaten Bildungsinstitutionen wie Kindertageseinrichtungen oder Schulen sicher zu stellen. Der B\u00fcrgermeister thematisierte jedoch auch nochmals den Pflegeberuf und seine Entwicklung sowie die Bedeutung gut ausgebildeter Pflegekr\u00e4fte auch f\u00fcr die Region Fulda und ihre Bev\u00f6lkerung.  <\/p>\n<p>Caritasdirektor Juch bedankte sich am Ende der Ausf\u00fchrungen von B\u00fcrgermeister Wehner ausdr\u00fccklich f\u00fcr die Einladung des Altenpflege-Jahrgangs und betonte in dem Zusammenhang die grunds\u00e4tzlich positive und fruchtbare Kooperation zwischen der Stadt Fulda und dem Di\u00f6zesan-Caritasverband auf ganz verschiedenen Arbeitsebenen. Im Anschluss an eine kurze Einf\u00fchrung f\u00fchrte der B\u00fcrgermeister sodann seine G\u00e4ste pers\u00f6nlich durch die verschiedenen Bereiche des Stadtschlosses. Die Altenpflegesch\u00fclerinnen und -sch\u00fcler durften einen Blick in die denkmahlgesch\u00fctzten B\u00fcro- und Konferenzr\u00e4ume des Stadtschlossen werfen und sp\u00e4ter auch den \u00f6ffentlichen Museumbereich erkunden. W\u00e4hrend des Rundganges erwies sich  B\u00fcrgermeister Wehner als profunder Kenner der Stadtschichte und berichtete von einschneidenden Ereignissen in der Historie des Stadtschlosses.<\/p>\n","protected":false},"excerpt":{"rendered":"<div class=\"tmnf_excerpt\"><p>22 Altenpflegesch\u00fclerinnen und -sch\u00fcler der Caritas-Altenpflegeschule besuchten k\u00fcrzlich den Fuldaer B\u00fcrgermeister Dag Wehner im Stadtschloss Fulda. Damit kamen sie einer Gegeneinladung nach, nachdem B\u00fcrgermeister Wehner als im Magistrat f\u00fcr Schule und Soziales zust\u00e4ndiger Dezernatsleiter Ende 2016 der Altenpflegeschule in der Ratgarstra\u00dfe einen Besuch abgestattet hatte und sich dabei umfassend von den Auszubildenden \u00fcber ihre Ausbildungs- &hellip;<\/p>\n<\/div>","protected":false},"author":1,"featured_media":166747,"comment_status":"closed","ping_status":"closed","sticky":false,"template":"","format":"standard","meta":{"footnotes":""},"categories":[1],"tags":[],"class_list":["post-166745","post","type-post","status-publish","format-standard","has-post-thumbnail","hentry","category-startseite"],"_links":{"self":[{"href":"https:\/\/www.fuldaernachrichten.de\/index.php?rest_route=\/wp\/v2\/posts\/166745","targetHints":{"allow":["GET"]}}],"collection":[{"href":"https:\/\/www.fuldaernachrichten.de\/index.php?rest_route=\/wp\/v2\/posts"}],"about":[{"href":"https:\/\/www.fuldaernachrichten.de\/index.php?rest_route=\/wp\/v2\/types\/post"}],"author":[{"embeddable":true,"href":"https:\/\/www.fuldaernachrichten.de\/index.php?rest_route=\/wp\/v2\/users\/1"}],"replies":[{"embeddable":true,"href":"https:\/\/www.fuldaernachrichten.de\/index.php?rest_route=%2Fwp%2Fv2%2Fcomments&post=166745"}],"version-history":[{"count":1,"href":"https:\/\/www.fuldaernachrichten.de\/index.php?rest_route=\/wp\/v2\/posts\/166745\/revisions"}],"predecessor-version":[{"id":166748,"href":"https:\/\/www.fuldaernachrichten.de\/index.php?rest_route=\/wp\/v2\/posts\/166745\/revisions\/166748"}],"wp:featuredmedia":[{"embeddable":true,"href":"https:\/\/www.fuldaernachrichten.de\/index.php?rest_route=\/wp\/v2\/media\/166747"}],"wp:attachment":[{"href":"https:\/\/www.fuldaernachrichten.de\/index.php?rest_route=%2Fwp%2Fv2%2Fmedia&parent=166745"}],"wp:term":[{"taxonomy":"category","embeddable":true,"href":"https:\/\/www.fuldaernachrichten.de\/index.php?rest_route=%2Fwp%2Fv2%2Fcategories&post=166745"},{"taxonomy":"post_tag","embeddable":true,"href":"https:\/\/www.fuldaernachrichten.de\/index.php?rest_route=%2Fwp%2Fv2%2Ftags&post=166745"}],"curies":[{"name":"wp","href":"https:\/\/api.w.org\/{rel}","templated":true}]}}