{"id":166743,"date":"2017-08-24T06:38:17","date_gmt":"2017-08-24T04:38:17","guid":{"rendered":"http:\/\/www.fuldaer-nachrichten.de\/?p=166743"},"modified":"2017-08-24T06:38:17","modified_gmt":"2017-08-24T04:38:17","slug":"hans-kurt-koehler-nach-17-jahren-verabschiedet-helmut-odenwald-tritt-seine-nachfolge-an","status":"publish","type":"post","link":"https:\/\/www.fuldaernachrichten.de\/?p=166743","title":{"rendered":"Hans-Kurt-K\u00f6hler nach 17 Jahren verabschiedet \/ Helmut Odenwald tritt seine Nachfolge an"},"content":{"rendered":"<p>Die Zeichen standen auf Wechsel und Kontinuit\u00e4t, als Hans-Kurt K\u00f6hler (Fulda), der 17 Jahre die Funktion des Kreisjagdberaters f\u00fcr den Altkreis Fulda begleitet hatte, bei einer Feierstunde im Landratsamt verabschiedet wurde. Seine Nachfolge tritt Helmut Odenwald (Bad Salzschlirf) an. F\u00fcr weitere vier Jahre wurde J\u00fcrgen Manns (Burghaun) als Kreisjagdberater f\u00fcr den Altkreis H\u00fcnfeld einschlie\u00dflich Ulstergrund bestellt.<\/p>\n<p>Neben Vertretern aus Jagd, Forst und Verwaltung nahmen sowohl Landrat Bernd Woide, der dem  scheidenden Kreisjagdberater den Landesehrenbrief \u00fcberreichte, als auch Erster Kreisbeigeordneter Frederik Schmitt als zust\u00e4ndiger Dezernent der Kreisverwaltung f\u00fcr die untere Jagdbeh\u00f6rde an der Feierstunde teil. Ferner erhielten David N\u00f6llenheidt (Fulda) als Sachkundiger f\u00fcr das Rotwildgebiet Gieseler Forst und Markus Hauf (Flieden) als sein Stellvertreter die Ernennungsurkunden der oberen Jagdbeh\u00f6rde beim Regierungspr\u00e4sidium.<\/p>\n<p>Landrat Woide hob die Scharnierfunktion des Kreisjagdberaters zwischen der unteren Jagdbeh\u00f6rde als Eingriffsverwaltung mit teils hoheitlichen Aufgaben auf der einen Seite und einer im Landkreis Fulda besonders aktiven und auch diskussionsfreudigen J\u00e4gerschaft auf der anderen Seite hervor. Hans-Kurt K\u00f6hler habe seine T\u00e4tigkeit mit Sachverstand, Erfahrungswissen und nat\u00fcrlicher Autorit\u00e4t ausge\u00fcbt und sich dadurch Dank, Anerkennung und Wertsch\u00e4tzung bei allen Beteiligten erworben. Ein solches Engagement sei nicht quantifizierbar.<\/p>\n<p>Den Dank des Jagdvereins Rh\u00f6n-Vogelsberg und der Rotwild-Hegeringgemeinschaft Gieseler Forst \u00fcbermittelte Vorsitzender Dr. Rudolf Leinweber. Er unterstrich, dass Hans-Kurt K\u00f6hler der Spagat in einem nicht einfachen Spannungsfeld gelungen sei. Er sei als J\u00e4ger und Forstmann anerkannt gewesen und hinterlasse Spuren. Sicherlich werde es auch noch in Zukunft Gelegenheit zum gemeinsamen Waidwerken geben. J\u00fcrgen Manns bedankte sich ebenfalls f\u00fcr die jahrelange gute Zusammenarbeit, von der er als J\u00fcngerer viel profitiert habe.<\/p>\n<p>Der scheidende Kreisjagdberater wies darauf hin, dass das bereits in der Paulskirchenverfassung von 1849 verankerte Jagdrecht die Pflicht zur Pflege beinhalte. Die J\u00e4ger f\u00fchlten sich einem nachhaltigen Umgang mit den nat\u00fcrlichen Ressourcen verpflichtet und w\u00fcrden ihre Verantwortung gegen\u00fcber allen wildlebenden Tieren und Pflanzen sorgf\u00e4ltig wahrnehmen. K\u00f6hler bedauerte, dass die Jagd mit teils realit\u00e4tsfernen und ideologischen Forderungen konfrontiert werde, weil sich manche Kritiker von der Natur und dem l\u00e4ndlichen Raum entfernt h\u00e4tten.<\/p>\n<p>Der 82-j\u00e4hrige pensionierte Forstbeamte, der bis zum Eintritt in den Ruhestand 26 Jahre lang Leiter der Revierf\u00f6rsterei Istergiesel war, zollte den J\u00e4gern gro\u00dfen Respekt, dass sie seinen Rat angenommen h\u00e4tten, obwohl er anf\u00e4nglich auch auf Skepsis gesto\u00dfen sei, ob ein Forstmann die Aufgaben eines  Kreisjagdberaters erf\u00fcllen k\u00f6nne. \u201eEs ist gut gegangen, und mir hat mein Ehrenamt Freude bereitet.\u201c Sein Nachfolger Helmut Odenwald versprach, dass er sich nach Kr\u00e4ften bem\u00fchen werde, dem Vorbild von Hans-Kurt-K\u00f6hler gerecht zu werden.<\/p>\n<p>Bild: v.li. Erster Kreisbeigeordneter Frederik Schmitt, Markus Hauf (stellv. Sachkundiger Rotwildgebiet \u201eGieseler Forst\u201c), David N\u00f6llenheidt (Sachkundiger Rotwildgebiet \u201eGieseler Forst\u201c), J\u00fcrgen Manns (Kreisjagdberater, zust\u00e4ndig Altkreis H\u00fcnfeld und Ulstergrund), Helmut Odenwald (Kreisjagdberater, zust\u00e4ndig Altkreis Fulda), Hans-Kurt K\u00f6hler (verabschiedeter Kreisjagdberater und Empf\u00e4nger des Ehrenbriefes des Landes Hessen), Landrat Bernd Woide<\/p>\n","protected":false},"excerpt":{"rendered":"<div class=\"tmnf_excerpt\"><p>Die Zeichen standen auf Wechsel und Kontinuit\u00e4t, als Hans-Kurt K\u00f6hler (Fulda), der 17 Jahre die Funktion des Kreisjagdberaters f\u00fcr den Altkreis Fulda begleitet hatte, bei einer Feierstunde im Landratsamt verabschiedet wurde. Seine Nachfolge tritt Helmut Odenwald (Bad Salzschlirf) an. F\u00fcr weitere vier Jahre wurde J\u00fcrgen Manns (Burghaun) als Kreisjagdberater f\u00fcr den Altkreis H\u00fcnfeld einschlie\u00dflich Ulstergrund &hellip;<\/p>\n<\/div>","protected":false},"author":1,"featured_media":166756,"comment_status":"closed","ping_status":"closed","sticky":false,"template":"","format":"standard","meta":{"footnotes":""},"categories":[1],"tags":[],"class_list":["post-166743","post","type-post","status-publish","format-standard","has-post-thumbnail","hentry","category-startseite"],"_links":{"self":[{"href":"https:\/\/www.fuldaernachrichten.de\/index.php?rest_route=\/wp\/v2\/posts\/166743","targetHints":{"allow":["GET"]}}],"collection":[{"href":"https:\/\/www.fuldaernachrichten.de\/index.php?rest_route=\/wp\/v2\/posts"}],"about":[{"href":"https:\/\/www.fuldaernachrichten.de\/index.php?rest_route=\/wp\/v2\/types\/post"}],"author":[{"embeddable":true,"href":"https:\/\/www.fuldaernachrichten.de\/index.php?rest_route=\/wp\/v2\/users\/1"}],"replies":[{"embeddable":true,"href":"https:\/\/www.fuldaernachrichten.de\/index.php?rest_route=%2Fwp%2Fv2%2Fcomments&post=166743"}],"version-history":[{"count":1,"href":"https:\/\/www.fuldaernachrichten.de\/index.php?rest_route=\/wp\/v2\/posts\/166743\/revisions"}],"predecessor-version":[{"id":166757,"href":"https:\/\/www.fuldaernachrichten.de\/index.php?rest_route=\/wp\/v2\/posts\/166743\/revisions\/166757"}],"wp:featuredmedia":[{"embeddable":true,"href":"https:\/\/www.fuldaernachrichten.de\/index.php?rest_route=\/wp\/v2\/media\/166756"}],"wp:attachment":[{"href":"https:\/\/www.fuldaernachrichten.de\/index.php?rest_route=%2Fwp%2Fv2%2Fmedia&parent=166743"}],"wp:term":[{"taxonomy":"category","embeddable":true,"href":"https:\/\/www.fuldaernachrichten.de\/index.php?rest_route=%2Fwp%2Fv2%2Fcategories&post=166743"},{"taxonomy":"post_tag","embeddable":true,"href":"https:\/\/www.fuldaernachrichten.de\/index.php?rest_route=%2Fwp%2Fv2%2Ftags&post=166743"}],"curies":[{"name":"wp","href":"https:\/\/api.w.org\/{rel}","templated":true}]}}