{"id":166740,"date":"2017-08-24T06:36:29","date_gmt":"2017-08-24T04:36:29","guid":{"rendered":"http:\/\/www.fuldaer-nachrichten.de\/?p=166740"},"modified":"2017-08-24T06:36:29","modified_gmt":"2017-08-24T04:36:29","slug":"pfarrer-eugen-hoefler-90-jahre","status":"publish","type":"post","link":"https:\/\/www.fuldaernachrichten.de\/?p=166740","title":{"rendered":"Pfarrer Eugen H\u00f6fler 90 Jahre"},"content":{"rendered":"<p>Pfarrer i. R. Geistlicher Rat Eugen H\u00f6fler (Mittelkalbach) vollendet am 3. September sein 90. Lebensjahr. Er wurde 1927 in Altenmittlau geboren, besuchte das Domgymnasium in Fulda, wo er, unterbrochen durch Milit\u00e4rdienst und Gefangenschaft, im Fr\u00fchjahr 1946 das Abitur ablegte. Sein Hochschulstudium in Philosophie, Theologie und Geschichte absolvierte er von 1946 bis 1952 an den Universit\u00e4ten in Frankfurt sowie Mainz und an der Theologischen Hochschule zu Fulda. Am 21. M\u00e4rz 1953 wurde er durch Bischof Dr. Johannes Baptist Dietz im Fuldaer Dom zum Priester geweiht.<\/p>\n<p>Noch 1953 wurde H\u00f6fler Kaplan in Gro\u00dfentaft, 1955 in Neukirchen, 1957 in Fulda am Dom mit Lehnerz. 1962 lie\u00df er sich von Bischof Dr. Adolf Bolte f\u00fcr die Missionsarbeit in Brasilien freistellen. Dort war er zun\u00e4chst in Santa Catarina, danach in Osasco am Rande von S\u00c3\u00a3o Paulo t\u00e4tig. Zwar kehrte Pfarrer H\u00f6fler 1985 nach Fulda zur\u00fcck, um hier die Pfarrei St. Paulus zu \u00fcbernehmen, aber da ihn die Sorge um die Menschen in Brasilien nicht loslie\u00df, begab er sich bald erneut als Seelsorger nach S\u00fcdamerika. Zuletzt wirkte er 15 Jahre lang im Raum Mogi das Cruzes, \u00f6stlich von S\u00c3\u00a3o Paulo. In einer fast 40-j\u00e4hrigen Seelsorge in Brasilien konnte Pfarrer H\u00f6fler viele Kirchen bauen und den Ansto\u00df f\u00fcr soziale Initiativen und Projekte geben. 1979 war er zum Geistlichen Rat ernannt worden. Im Februar 2001 wurde er auf eigenen Wunsch in den Ruhestand versetzt. Seit einigen Jahren wohnt er in der Seniorenresidenz Mutter Teresa in Neuhof.<\/p>\n","protected":false},"excerpt":{"rendered":"<div class=\"tmnf_excerpt\"><p>Pfarrer i. R. Geistlicher Rat Eugen H\u00f6fler (Mittelkalbach) vollendet am 3. September sein 90. Lebensjahr. Er wurde 1927 in Altenmittlau geboren, besuchte das Domgymnasium in Fulda, wo er, unterbrochen durch Milit\u00e4rdienst und Gefangenschaft, im Fr\u00fchjahr 1946 das Abitur ablegte. Sein Hochschulstudium in Philosophie, Theologie und Geschichte absolvierte er von 1946 bis 1952 an den Universit\u00e4ten &hellip;<\/p>\n<\/div>","protected":false},"author":1,"featured_media":0,"comment_status":"closed","ping_status":"closed","sticky":false,"template":"","format":"standard","meta":{"footnotes":""},"categories":[1],"tags":[],"class_list":["post-166740","post","type-post","status-publish","format-standard","hentry","category-startseite"],"_links":{"self":[{"href":"https:\/\/www.fuldaernachrichten.de\/index.php?rest_route=\/wp\/v2\/posts\/166740","targetHints":{"allow":["GET"]}}],"collection":[{"href":"https:\/\/www.fuldaernachrichten.de\/index.php?rest_route=\/wp\/v2\/posts"}],"about":[{"href":"https:\/\/www.fuldaernachrichten.de\/index.php?rest_route=\/wp\/v2\/types\/post"}],"author":[{"embeddable":true,"href":"https:\/\/www.fuldaernachrichten.de\/index.php?rest_route=\/wp\/v2\/users\/1"}],"replies":[{"embeddable":true,"href":"https:\/\/www.fuldaernachrichten.de\/index.php?rest_route=%2Fwp%2Fv2%2Fcomments&post=166740"}],"version-history":[{"count":1,"href":"https:\/\/www.fuldaernachrichten.de\/index.php?rest_route=\/wp\/v2\/posts\/166740\/revisions"}],"predecessor-version":[{"id":166754,"href":"https:\/\/www.fuldaernachrichten.de\/index.php?rest_route=\/wp\/v2\/posts\/166740\/revisions\/166754"}],"wp:attachment":[{"href":"https:\/\/www.fuldaernachrichten.de\/index.php?rest_route=%2Fwp%2Fv2%2Fmedia&parent=166740"}],"wp:term":[{"taxonomy":"category","embeddable":true,"href":"https:\/\/www.fuldaernachrichten.de\/index.php?rest_route=%2Fwp%2Fv2%2Fcategories&post=166740"},{"taxonomy":"post_tag","embeddable":true,"href":"https:\/\/www.fuldaernachrichten.de\/index.php?rest_route=%2Fwp%2Fv2%2Ftags&post=166740"}],"curies":[{"name":"wp","href":"https:\/\/api.w.org\/{rel}","templated":true}]}}