{"id":166739,"date":"2017-08-24T06:34:49","date_gmt":"2017-08-24T04:34:49","guid":{"rendered":"http:\/\/www.fuldaer-nachrichten.de\/?p=166739"},"modified":"2017-08-24T06:34:49","modified_gmt":"2017-08-24T04:34:49","slug":"welt-des-fahrrads-buechel-auf-der-eurobike","status":"publish","type":"post","link":"https:\/\/www.fuldaernachrichten.de\/?p=166739","title":{"rendered":"Welt des Fahrrads: B\u00fcchel auf der Eurobike"},"content":{"rendered":"<p>Mit von der Partie anl\u00e4sslich der EUROBIKE Friedrichshafen ist auch das Fuldaer Unternehmen B\u00fcchel. Die neueste Technik rund um\u00c2\u00b4s Rad beinhaltet das Unternehmensportfolio. In der Zeit von  Mittwoch, 30. August bis Samstag, 2. September haben Interessierte die M\u00f6glichkeit, die Produktneuheiten des Fahrradteilespezialisten kennen zu lernen \u2013 vom Scheinwerfer mit extrem hoher Lichtst\u00e4rke \u00fcber innovative S\u00e4ttel mit dynamischem Fahrkomfort bis hin zu praktischen Zubeh\u00f6rartikeln f\u00fcr das Alltagsrad. Die EUROBIKE Messe Friedrichshafen zeigt Produkte und Dienstleistungen auf einer 100.000 m\u00c2\u00b2 gro\u00dfen Ausstellungsfl\u00e4che und bildet damit das weltweite Spektrum der Fahrrad-Branche ab. Es werden mehr als 40.000 Besucher erwartet. Wer das Fuldaer Unternehmen auf der weltweit gr\u00f6\u00dften Fahrradmesse besuchen m\u00f6chte, findet das Team in Halle A5 Stand 102.<\/p>\n","protected":false},"excerpt":{"rendered":"<div class=\"tmnf_excerpt\"><p>Mit von der Partie anl\u00e4sslich der EUROBIKE Friedrichshafen ist auch das Fuldaer Unternehmen B\u00fcchel. Die neueste Technik rund um\u00c2\u00b4s Rad beinhaltet das Unternehmensportfolio. In der Zeit von Mittwoch, 30. August bis Samstag, 2. September haben Interessierte die M\u00f6glichkeit, die Produktneuheiten des Fahrradteilespezialisten kennen zu lernen \u2013 vom Scheinwerfer mit extrem hoher Lichtst\u00e4rke \u00fcber innovative S\u00e4ttel &hellip;<\/p>\n<\/div>","protected":false},"author":1,"featured_media":0,"comment_status":"closed","ping_status":"closed","sticky":false,"template":"","format":"standard","meta":{"footnotes":""},"categories":[1],"tags":[],"class_list":["post-166739","post","type-post","status-publish","format-standard","hentry","category-startseite"],"_links":{"self":[{"href":"https:\/\/www.fuldaernachrichten.de\/index.php?rest_route=\/wp\/v2\/posts\/166739","targetHints":{"allow":["GET"]}}],"collection":[{"href":"https:\/\/www.fuldaernachrichten.de\/index.php?rest_route=\/wp\/v2\/posts"}],"about":[{"href":"https:\/\/www.fuldaernachrichten.de\/index.php?rest_route=\/wp\/v2\/types\/post"}],"author":[{"embeddable":true,"href":"https:\/\/www.fuldaernachrichten.de\/index.php?rest_route=\/wp\/v2\/users\/1"}],"replies":[{"embeddable":true,"href":"https:\/\/www.fuldaernachrichten.de\/index.php?rest_route=%2Fwp%2Fv2%2Fcomments&post=166739"}],"version-history":[{"count":1,"href":"https:\/\/www.fuldaernachrichten.de\/index.php?rest_route=\/wp\/v2\/posts\/166739\/revisions"}],"predecessor-version":[{"id":166750,"href":"https:\/\/www.fuldaernachrichten.de\/index.php?rest_route=\/wp\/v2\/posts\/166739\/revisions\/166750"}],"wp:attachment":[{"href":"https:\/\/www.fuldaernachrichten.de\/index.php?rest_route=%2Fwp%2Fv2%2Fmedia&parent=166739"}],"wp:term":[{"taxonomy":"category","embeddable":true,"href":"https:\/\/www.fuldaernachrichten.de\/index.php?rest_route=%2Fwp%2Fv2%2Fcategories&post=166739"},{"taxonomy":"post_tag","embeddable":true,"href":"https:\/\/www.fuldaernachrichten.de\/index.php?rest_route=%2Fwp%2Fv2%2Ftags&post=166739"}],"curies":[{"name":"wp","href":"https:\/\/api.w.org\/{rel}","templated":true}]}}