{"id":166733,"date":"2017-08-24T06:27:01","date_gmt":"2017-08-24T04:27:01","guid":{"rendered":"http:\/\/www.fuldaer-nachrichten.de\/?p=166733"},"modified":"2017-08-24T06:27:01","modified_gmt":"2017-08-24T04:27:01","slug":"sommerfest-in-der-justizvollzugsanstalt-fulda","status":"publish","type":"post","link":"https:\/\/www.fuldaernachrichten.de\/?p=166733","title":{"rendered":"Sommerfest in der Justizvollzugsanstalt Fulda"},"content":{"rendered":"<p>Die Sonne meinet es gut und so waren alle Pl\u00e4tze im Freizeithof der Justizvollzugsanstalt Fulda beim Sommerfest f\u00fcr die Inhaftierten gef\u00fcllt. Organisator Markus Stein war es in Zusammenarbeit mit Peter Gerhardt von Theater hinter Gittern gelungen, die Rock &#8211; Country &#8211;  Blues Band \u201eRefund\u201c aus dem Raum Bad Nauheim zu verpflichten. Peter Klier, Leiter, Gitarre, Gesang, Dieter Naumann, Schlagzeug, Lars Braun, Bass und Patrick Eulenkamp, S\u00e4nger begeisterten mit ihrem breit gef\u00e4cherten Repertoire. Da durften Lieder wie \u201eBorn tob e wild, Honky Tonk Woman, All along the watchtower und Rolling on the River\u201c ebenso nicht fehlen wie \u201eKnocking on heavens door\u201c, um nur einiges zu nennen. Daf\u00fcr dass der Sound in den hohen Anstaltsw\u00e4nden auch mitrei\u00dfend wiedergegeben wurde sorgte Lukas Klier am Mischpult. Die Begeisterung der Inhaftierten war so gro\u00df, dass sie reichlich Beifall spendeten und mehrfach Zugabe forderten, der die Band auch gerne nachkam. F\u00fcr das leibliche Wohl sorgte JVA &#8211; K\u00fcchenleiter Alexander Nardelli mit seinem Team. Zu Beginn der Veranstaltung konnte Anstaltsleiter Winfried Michel neben den Inhaftierten und Bediensteten auch Hans Krenzer; Suchtselbsthilfe des Diakonischen Werks Fulda, Winfried M\u00f6ller, Anstaltsbeiratsvorsitzender und den katholischen Anstaltsseelsorger Dr. Meins Coetsier begr\u00fc\u00dfen. Er dankte dem Projekt \u201eTheater hinter Gittern\u201c, das versuche, mit unterschiedlichen kulturellen Veranstaltungen eine bereichernde und sinnvolle Abwechslung in den \u201eKnastalltag\u201c in den Justizvollzugsanstalten in Hessen zu bringen.<\/p>\n","protected":false},"excerpt":{"rendered":"<div class=\"tmnf_excerpt\"><p>Die Sonne meinet es gut und so waren alle Pl\u00e4tze im Freizeithof der Justizvollzugsanstalt Fulda beim Sommerfest f\u00fcr die Inhaftierten gef\u00fcllt. Organisator Markus Stein war es in Zusammenarbeit mit Peter Gerhardt von Theater hinter Gittern gelungen, die Rock &#8211; Country &#8211; Blues Band \u201eRefund\u201c aus dem Raum Bad Nauheim zu verpflichten. Peter Klier, Leiter, Gitarre, &hellip;<\/p>\n<\/div>","protected":false},"author":1,"featured_media":0,"comment_status":"closed","ping_status":"closed","sticky":false,"template":"","format":"standard","meta":{"footnotes":""},"categories":[1],"tags":[],"class_list":["post-166733","post","type-post","status-publish","format-standard","hentry","category-startseite"],"_links":{"self":[{"href":"https:\/\/www.fuldaernachrichten.de\/index.php?rest_route=\/wp\/v2\/posts\/166733","targetHints":{"allow":["GET"]}}],"collection":[{"href":"https:\/\/www.fuldaernachrichten.de\/index.php?rest_route=\/wp\/v2\/posts"}],"about":[{"href":"https:\/\/www.fuldaernachrichten.de\/index.php?rest_route=\/wp\/v2\/types\/post"}],"author":[{"embeddable":true,"href":"https:\/\/www.fuldaernachrichten.de\/index.php?rest_route=\/wp\/v2\/users\/1"}],"replies":[{"embeddable":true,"href":"https:\/\/www.fuldaernachrichten.de\/index.php?rest_route=%2Fwp%2Fv2%2Fcomments&post=166733"}],"version-history":[{"count":1,"href":"https:\/\/www.fuldaernachrichten.de\/index.php?rest_route=\/wp\/v2\/posts\/166733\/revisions"}],"predecessor-version":[{"id":166736,"href":"https:\/\/www.fuldaernachrichten.de\/index.php?rest_route=\/wp\/v2\/posts\/166733\/revisions\/166736"}],"wp:attachment":[{"href":"https:\/\/www.fuldaernachrichten.de\/index.php?rest_route=%2Fwp%2Fv2%2Fmedia&parent=166733"}],"wp:term":[{"taxonomy":"category","embeddable":true,"href":"https:\/\/www.fuldaernachrichten.de\/index.php?rest_route=%2Fwp%2Fv2%2Fcategories&post=166733"},{"taxonomy":"post_tag","embeddable":true,"href":"https:\/\/www.fuldaernachrichten.de\/index.php?rest_route=%2Fwp%2Fv2%2Ftags&post=166733"}],"curies":[{"name":"wp","href":"https:\/\/api.w.org\/{rel}","templated":true}]}}