{"id":166728,"date":"2017-08-24T06:25:31","date_gmt":"2017-08-24T04:25:31","guid":{"rendered":"http:\/\/www.fuldaer-nachrichten.de\/?p=166728"},"modified":"2017-08-24T06:25:31","modified_gmt":"2017-08-24T04:25:31","slug":"sich-gegenseitig-helfen-ein-tag-im-niedrigseilgarten-mit-fulda-futur-und-schuelern-der-winfriedschule","status":"publish","type":"post","link":"https:\/\/www.fuldaernachrichten.de\/?p=166728","title":{"rendered":"Sich gegenseitig helfen\u00c2\u00a0&#8211; Ein Tag im Niedrigseilgarten mit Fulda Futur und Sch\u00fclern der Winfriedschule"},"content":{"rendered":"<p>Wie wichtig es ist, im Team zu arbeiten, das l\u00e4sst sich nat\u00fcrlich in der Theorie besprechen, doch in der Praxis Teamarbeit umzusetzen, ist ohne Frage wesentlich nachhaltiger. Wenn dann das Ganze noch spielerisch abl\u00e4uft, ist der Lerneffekt ohne Frage am gr\u00f6\u00dften. Gemeinsam mit Jugendlichen von Perspektiva und Sch\u00fclern der Klasse 9FL2 der Winfriedschule war innerhalb des Inklusionsprojektes Fulda Futur ein Teamtraining im Niedrigseilgarten am Aschenberg anberaumt. Verschiedene Herausforderungen mussten gemeistert werden und viele der Aufgaben konnten nur \u201eHand in Hand\u201c gel\u00f6st werden. Um die unterschiedlichen Schwierigkeiten zu meistern, mussten alle jungen Teilnehmer einen \u201eWertevertrag\u201c unterschreiben, in dem die Regeln des Miteinanders dargestellt wurden. Dazu z\u00e4hlte beispielweise die Vorgabe: \u201eMan darf niemanden k\u00f6rperlich oder seelisch verletzen.\u201c Mit von der Partie waren auch der P\u00e4dagoge der Winfriedschule, Klassenlehrer H\u00f6pping, Fulda Futur-Projektleiter Joachim Penz und Geraldine Groll: \u201eWir m\u00f6chten mit diesem Training das Wir-Gef\u00fchl st\u00e4rken. Es ist wirklich spannend, wie schnell die Jugendlichen feststellen, dass vieles im Team viel einfacher zu bew\u00e4ltigen ist.\u201c Und ebenfalls stand nat\u00fcrlich im Fokus, die oftmals &#8220;innere H\u00fcrde&#8221; beim eher ungewohnten Austausch mit behinderten oder fremden Menschen zu \u00fcberwinden. Dass diese Ziele bestens erreicht wurden, davon zeugte die ausgelassene und fr\u00f6hliche Stimmung zum Abschluss des Tages. <\/p>\n","protected":false},"excerpt":{"rendered":"<div class=\"tmnf_excerpt\"><p>Wie wichtig es ist, im Team zu arbeiten, das l\u00e4sst sich nat\u00fcrlich in der Theorie besprechen, doch in der Praxis Teamarbeit umzusetzen, ist ohne Frage wesentlich nachhaltiger. Wenn dann das Ganze noch spielerisch abl\u00e4uft, ist der Lerneffekt ohne Frage am gr\u00f6\u00dften. Gemeinsam mit Jugendlichen von Perspektiva und Sch\u00fclern der Klasse 9FL2 der Winfriedschule war innerhalb &hellip;<\/p>\n<\/div>","protected":false},"author":1,"featured_media":166729,"comment_status":"closed","ping_status":"closed","sticky":false,"template":"","format":"standard","meta":{"footnotes":""},"categories":[1],"tags":[],"class_list":["post-166728","post","type-post","status-publish","format-standard","has-post-thumbnail","hentry","category-startseite"],"_links":{"self":[{"href":"https:\/\/www.fuldaernachrichten.de\/index.php?rest_route=\/wp\/v2\/posts\/166728","targetHints":{"allow":["GET"]}}],"collection":[{"href":"https:\/\/www.fuldaernachrichten.de\/index.php?rest_route=\/wp\/v2\/posts"}],"about":[{"href":"https:\/\/www.fuldaernachrichten.de\/index.php?rest_route=\/wp\/v2\/types\/post"}],"author":[{"embeddable":true,"href":"https:\/\/www.fuldaernachrichten.de\/index.php?rest_route=\/wp\/v2\/users\/1"}],"replies":[{"embeddable":true,"href":"https:\/\/www.fuldaernachrichten.de\/index.php?rest_route=%2Fwp%2Fv2%2Fcomments&post=166728"}],"version-history":[{"count":1,"href":"https:\/\/www.fuldaernachrichten.de\/index.php?rest_route=\/wp\/v2\/posts\/166728\/revisions"}],"predecessor-version":[{"id":166730,"href":"https:\/\/www.fuldaernachrichten.de\/index.php?rest_route=\/wp\/v2\/posts\/166728\/revisions\/166730"}],"wp:featuredmedia":[{"embeddable":true,"href":"https:\/\/www.fuldaernachrichten.de\/index.php?rest_route=\/wp\/v2\/media\/166729"}],"wp:attachment":[{"href":"https:\/\/www.fuldaernachrichten.de\/index.php?rest_route=%2Fwp%2Fv2%2Fmedia&parent=166728"}],"wp:term":[{"taxonomy":"category","embeddable":true,"href":"https:\/\/www.fuldaernachrichten.de\/index.php?rest_route=%2Fwp%2Fv2%2Fcategories&post=166728"},{"taxonomy":"post_tag","embeddable":true,"href":"https:\/\/www.fuldaernachrichten.de\/index.php?rest_route=%2Fwp%2Fv2%2Ftags&post=166728"}],"curies":[{"name":"wp","href":"https:\/\/api.w.org\/{rel}","templated":true}]}}