{"id":166725,"date":"2017-08-24T06:26:53","date_gmt":"2017-08-24T04:26:53","guid":{"rendered":"http:\/\/www.fuldaer-nachrichten.de\/?p=166725"},"modified":"2017-08-24T06:26:53","modified_gmt":"2017-08-24T04:26:53","slug":"wuerdigung-der-weltladen-ag-mitglieder","status":"publish","type":"post","link":"https:\/\/www.fuldaernachrichten.de\/?p=166725","title":{"rendered":"W\u00fcrdigung der Weltladen AG-Mitglieder"},"content":{"rendered":"<p>F\u00fcr das zur\u00fcckliegende Schuljahr zeichnete Studienrat Christian Quanz die engagier-testen Weltladen AG-Mitglieder der Eduard-Stieler-Schule aus. Die Weltladen AG-Mitglieder arbeiteten ehrenamtlich im Fokus des Fairen Handels in unterschiedlichen Projekten an der Schule. Innerhalb der Schule organisierten die Jugendlichen Ver-k\u00e4ufe von fair gehandelten Lebensmitteln. Sie planten und nahmen zudem an Aus-stellungen au\u00dferhalb der Schule teil. <\/p>\n<p>Christian Quanz ist von dem Engagement der Sch\u00fclerinnen und Sch\u00fcler sehr angetan und freut sich \u00fcber das rege Interesse, welches die Aktionen der Weltladen AG an der Eduard-Stieler-Schule hervorruft. <\/p>\n","protected":false},"excerpt":{"rendered":"<div class=\"tmnf_excerpt\"><p>F\u00fcr das zur\u00fcckliegende Schuljahr zeichnete Studienrat Christian Quanz die engagier-testen Weltladen AG-Mitglieder der Eduard-Stieler-Schule aus. Die Weltladen AG-Mitglieder arbeiteten ehrenamtlich im Fokus des Fairen Handels in unterschiedlichen Projekten an der Schule. Innerhalb der Schule organisierten die Jugendlichen Ver-k\u00e4ufe von fair gehandelten Lebensmitteln. Sie planten und nahmen zudem an Aus-stellungen au\u00dferhalb der Schule teil. Christian Quanz &hellip;<\/p>\n<\/div>","protected":false},"author":1,"featured_media":166734,"comment_status":"closed","ping_status":"closed","sticky":false,"template":"","format":"standard","meta":{"footnotes":""},"categories":[1],"tags":[],"class_list":["post-166725","post","type-post","status-publish","format-standard","has-post-thumbnail","hentry","category-startseite"],"_links":{"self":[{"href":"https:\/\/www.fuldaernachrichten.de\/index.php?rest_route=\/wp\/v2\/posts\/166725","targetHints":{"allow":["GET"]}}],"collection":[{"href":"https:\/\/www.fuldaernachrichten.de\/index.php?rest_route=\/wp\/v2\/posts"}],"about":[{"href":"https:\/\/www.fuldaernachrichten.de\/index.php?rest_route=\/wp\/v2\/types\/post"}],"author":[{"embeddable":true,"href":"https:\/\/www.fuldaernachrichten.de\/index.php?rest_route=\/wp\/v2\/users\/1"}],"replies":[{"embeddable":true,"href":"https:\/\/www.fuldaernachrichten.de\/index.php?rest_route=%2Fwp%2Fv2%2Fcomments&post=166725"}],"version-history":[{"count":1,"href":"https:\/\/www.fuldaernachrichten.de\/index.php?rest_route=\/wp\/v2\/posts\/166725\/revisions"}],"predecessor-version":[{"id":166735,"href":"https:\/\/www.fuldaernachrichten.de\/index.php?rest_route=\/wp\/v2\/posts\/166725\/revisions\/166735"}],"wp:featuredmedia":[{"embeddable":true,"href":"https:\/\/www.fuldaernachrichten.de\/index.php?rest_route=\/wp\/v2\/media\/166734"}],"wp:attachment":[{"href":"https:\/\/www.fuldaernachrichten.de\/index.php?rest_route=%2Fwp%2Fv2%2Fmedia&parent=166725"}],"wp:term":[{"taxonomy":"category","embeddable":true,"href":"https:\/\/www.fuldaernachrichten.de\/index.php?rest_route=%2Fwp%2Fv2%2Fcategories&post=166725"},{"taxonomy":"post_tag","embeddable":true,"href":"https:\/\/www.fuldaernachrichten.de\/index.php?rest_route=%2Fwp%2Fv2%2Ftags&post=166725"}],"curies":[{"name":"wp","href":"https:\/\/api.w.org\/{rel}","templated":true}]}}