{"id":166708,"date":"2017-08-24T06:23:24","date_gmt":"2017-08-24T04:23:24","guid":{"rendered":"http:\/\/www.fuldaer-nachrichten.de\/?p=166708"},"modified":"2017-08-24T06:23:24","modified_gmt":"2017-08-24T04:23:24","slug":"lass-die-sonne-in-dein-herz","status":"publish","type":"post","link":"https:\/\/www.fuldaernachrichten.de\/?p=166708","title":{"rendered":"\u201eLass die Sonne in Dein Herz!\u201c"},"content":{"rendered":"<p>Zu einer Herbstwoche f\u00fcr Seniorinnen und Senioren mit Musik, Gesang und Tanz l\u00e4dt das Bonifatiushaus, die Katholische Akademie des Bistums Fulda vom 4. \u2013 8. September 2017 ein. In ihr geht es um die Kraft der Gestirne &#8211; Sonne, Mond und Sterne. Mit kreativen und musikalischen Methoden soll das eigene Seelendepot mit sonnenwarmen, sternen- und mondhellen Liedern, T\u00e4nzen und Texten f\u00fcr die kommende Jahreszeit aufgef\u00fcllt werden. Eine Exkursion zum Planetarium Fulda ist ebenfalls vorgesehen. Referentin ist die Musikp\u00e4dagogin Christine Ebert, Hosenfeld-Hainzell. Beginn ist 15:00 Uhr. Anmeldungen werden erbeten unter 0661\/8398-113 oder per mail an info@bonifatiushaus.de.<\/p>\n","protected":false},"excerpt":{"rendered":"<div class=\"tmnf_excerpt\"><p>Zu einer Herbstwoche f\u00fcr Seniorinnen und Senioren mit Musik, Gesang und Tanz l\u00e4dt das Bonifatiushaus, die Katholische Akademie des Bistums Fulda vom 4. \u2013 8. September 2017 ein. In ihr geht es um die Kraft der Gestirne &#8211; Sonne, Mond und Sterne. Mit kreativen und musikalischen Methoden soll das eigene Seelendepot mit sonnenwarmen, sternen- und &hellip;<\/p>\n<\/div>","protected":false},"author":1,"featured_media":0,"comment_status":"closed","ping_status":"closed","sticky":false,"template":"","format":"standard","meta":{"footnotes":""},"categories":[1],"tags":[],"class_list":["post-166708","post","type-post","status-publish","format-standard","hentry","category-startseite"],"_links":{"self":[{"href":"https:\/\/www.fuldaernachrichten.de\/index.php?rest_route=\/wp\/v2\/posts\/166708","targetHints":{"allow":["GET"]}}],"collection":[{"href":"https:\/\/www.fuldaernachrichten.de\/index.php?rest_route=\/wp\/v2\/posts"}],"about":[{"href":"https:\/\/www.fuldaernachrichten.de\/index.php?rest_route=\/wp\/v2\/types\/post"}],"author":[{"embeddable":true,"href":"https:\/\/www.fuldaernachrichten.de\/index.php?rest_route=\/wp\/v2\/users\/1"}],"replies":[{"embeddable":true,"href":"https:\/\/www.fuldaernachrichten.de\/index.php?rest_route=%2Fwp%2Fv2%2Fcomments&post=166708"}],"version-history":[{"count":1,"href":"https:\/\/www.fuldaernachrichten.de\/index.php?rest_route=\/wp\/v2\/posts\/166708\/revisions"}],"predecessor-version":[{"id":166720,"href":"https:\/\/www.fuldaernachrichten.de\/index.php?rest_route=\/wp\/v2\/posts\/166708\/revisions\/166720"}],"wp:attachment":[{"href":"https:\/\/www.fuldaernachrichten.de\/index.php?rest_route=%2Fwp%2Fv2%2Fmedia&parent=166708"}],"wp:term":[{"taxonomy":"category","embeddable":true,"href":"https:\/\/www.fuldaernachrichten.de\/index.php?rest_route=%2Fwp%2Fv2%2Fcategories&post=166708"},{"taxonomy":"post_tag","embeddable":true,"href":"https:\/\/www.fuldaernachrichten.de\/index.php?rest_route=%2Fwp%2Fv2%2Ftags&post=166708"}],"curies":[{"name":"wp","href":"https:\/\/api.w.org\/{rel}","templated":true}]}}