{"id":166704,"date":"2017-08-24T06:21:43","date_gmt":"2017-08-24T04:21:43","guid":{"rendered":"http:\/\/www.fuldaer-nachrichten.de\/?p=166704"},"modified":"2017-08-24T06:21:43","modified_gmt":"2017-08-24T04:21:43","slug":"junge-vocalisten-laden-ein-zur-zeitreise-durch-die-schlagerhitparade","status":"publish","type":"post","link":"https:\/\/www.fuldaernachrichten.de\/?p=166704","title":{"rendered":"\u201eJunge Vocalisten\u201c laden ein zur Zeitreise durch die Schlagerhitparade"},"content":{"rendered":"<p>\u201eSchlager satt\u201c ist das Motto des diesj\u00e4hrigen Konzerts des Vokalensembles \u201eJunge Vocalisten\u201c unter Leitung von Sabine Spahn, das sein Publikum auf eine Zeitreise durch die deutsche Schlagerhitparade einladen m\u00f6chte. Am 2. September geben die 15 S\u00e4ngerinnen und S\u00e4nger ein breites gesangliches Repertoire zum Besten: Von Klassikern aus den 50er und 60er Jahren \u00fcber die gr\u00f6\u00dften Hits von Udo J\u00fcrgens bis hin zu aktuellen Pop- und Schlagerhits reicht das umfangreiche Programm, das die S\u00e4ngerinnen und S\u00e4nger eigens f\u00fcr dieses Konzert einstudiert haben.<\/p>\n<p>\u201eEine Schlagerparty zum Mitsingen und Tanzen\u201c, verspricht Sabine Spahn, und diese Party steigt im B\u00fcrgerhaus Romrod. W\u00e4hrend das Vokalensemble in mehreren Blocks die gr\u00f6\u00dften Schlagerhits aus mehreren Jahrzehnten pr\u00e4sentieren wird, l\u00e4dt Lukas Tauscher das Publikum in den Gesangspausen ein, das Tanzbein zu schwingen und zu den Original-Titeln zu feiern. Instrumental unterst\u00fctzt wird der Chor von Kiwon Lee am Klavier und Hans-Georg Otterbein am Schlagzeug. Ab 19.30 Uhr wird es im B\u00fcrgerhaus in Romrod \u201eRoten Rosen regnen\u201c, es wird ein \u201eBett im Kornfeld\u201c gebaut und das alles \u201eAber bitte mit Sahne\u201c. \u201eDie Idee zum Konzert basiert auf mehrfachem Publikumswunsch nach Musik mit deutschen Texten\u201c, erkl\u00e4rt Chorleiterin Sabine Spahn. Diesem Wunsch kommt das Ensemble gern nach und freut sich auf eine rauschende Partynacht, bei der es keinen Gast auf den Pl\u00e4tzen halten soll.<\/p>\n<p>Einlass: 19 Uhr, Beginn 19.30 Uhr.<br \/>\nKarten im Vorverkauf gibt es beim Fleischmarkt Becker in Romrod (Tel: 06636 \u2013 225), bei Sabine Spahn (0171 \u2013 3635745) und bei J\u00f6rg Becker (0151 \u2013 53739797).<br \/>\nVorverkauf: 10 Euro \/ 8 Euro<br \/>\nAbendkasse 12 Euro \/ 10 Euro<br \/>\nErm\u00e4\u00dfigung f\u00fcr Sch\u00fcler und Studenten<\/p>\n","protected":false},"excerpt":{"rendered":"<div class=\"tmnf_excerpt\"><p>\u201eSchlager satt\u201c ist das Motto des diesj\u00e4hrigen Konzerts des Vokalensembles \u201eJunge Vocalisten\u201c unter Leitung von Sabine Spahn, das sein Publikum auf eine Zeitreise durch die deutsche Schlagerhitparade einladen m\u00f6chte. Am 2. September geben die 15 S\u00e4ngerinnen und S\u00e4nger ein breites gesangliches Repertoire zum Besten: Von Klassikern aus den 50er und 60er Jahren \u00fcber die gr\u00f6\u00dften &hellip;<\/p>\n<\/div>","protected":false},"author":1,"featured_media":166714,"comment_status":"closed","ping_status":"closed","sticky":false,"template":"","format":"standard","meta":{"footnotes":""},"categories":[1],"tags":[],"class_list":["post-166704","post","type-post","status-publish","format-standard","has-post-thumbnail","hentry","category-startseite"],"_links":{"self":[{"href":"https:\/\/www.fuldaernachrichten.de\/index.php?rest_route=\/wp\/v2\/posts\/166704","targetHints":{"allow":["GET"]}}],"collection":[{"href":"https:\/\/www.fuldaernachrichten.de\/index.php?rest_route=\/wp\/v2\/posts"}],"about":[{"href":"https:\/\/www.fuldaernachrichten.de\/index.php?rest_route=\/wp\/v2\/types\/post"}],"author":[{"embeddable":true,"href":"https:\/\/www.fuldaernachrichten.de\/index.php?rest_route=\/wp\/v2\/users\/1"}],"replies":[{"embeddable":true,"href":"https:\/\/www.fuldaernachrichten.de\/index.php?rest_route=%2Fwp%2Fv2%2Fcomments&post=166704"}],"version-history":[{"count":1,"href":"https:\/\/www.fuldaernachrichten.de\/index.php?rest_route=\/wp\/v2\/posts\/166704\/revisions"}],"predecessor-version":[{"id":166715,"href":"https:\/\/www.fuldaernachrichten.de\/index.php?rest_route=\/wp\/v2\/posts\/166704\/revisions\/166715"}],"wp:featuredmedia":[{"embeddable":true,"href":"https:\/\/www.fuldaernachrichten.de\/index.php?rest_route=\/wp\/v2\/media\/166714"}],"wp:attachment":[{"href":"https:\/\/www.fuldaernachrichten.de\/index.php?rest_route=%2Fwp%2Fv2%2Fmedia&parent=166704"}],"wp:term":[{"taxonomy":"category","embeddable":true,"href":"https:\/\/www.fuldaernachrichten.de\/index.php?rest_route=%2Fwp%2Fv2%2Fcategories&post=166704"},{"taxonomy":"post_tag","embeddable":true,"href":"https:\/\/www.fuldaernachrichten.de\/index.php?rest_route=%2Fwp%2Fv2%2Ftags&post=166704"}],"curies":[{"name":"wp","href":"https:\/\/api.w.org\/{rel}","templated":true}]}}